{"id":152250,"date":"2023-11-14T20:53:05","date_gmt":"2023-11-14T23:53:05","guid":{"rendered":"https:\/\/www.missoeshumanitarias.org\/?p=152250"},"modified":"2023-11-23T18:44:46","modified_gmt":"2023-11-23T21:44:46","slug":"feria-intercultural-una-celebracion-de-la-riqueza-cultural-indigena","status":"publish","type":"post","link":"https:\/\/www.missoeshumanitarias.org\/es\/feria-intercultural-una-celebracion-de-la-riqueza-cultural-indigena\/","title":{"rendered":"Feria Intercultural &#8211;\u00a0 una celebraci\u00f3n de la riqueza cultural ind\u00edgena"},"content":{"rendered":"\n<p>&nbsp;La&nbsp;<a href=\"https:\/\/www.missoeshumanitarias.org\/es\/\" target=\"_blank\" rel=\"noreferrer noopener\">Fraternidad &#8211; Misiones Humanitarias Internacionales(FMHI)<\/a>, a trav\u00e9s de&nbsp;<a href=\"https:\/\/www.missoeshumanitarias.org\/ccfi\/\" target=\"_blank\" rel=\"noreferrer noopener\">la Misi\u00f3n Roraima Humanitaria<\/a>, viene promoviendo ferias en el&nbsp;<a href=\"https:\/\/www.missoeshumanitarias.org\/es\/ccfi\/\" target=\"_blank\" rel=\"noreferrer noopener\">Centro Cultural y de Formaci\u00f3n Ind\u00edgena (CCFI)&nbsp;<\/a>de Boa Vista &#8211; Roraima, abiertas al p\u00fablico en general. En total, se han realizado nueve ferias interculturales desde 2021, cuando se inici\u00f3 esta actividad, que viene evolucionando y dando frutos a lo largo de este per\u00edodo.<\/p>\n\n\n\n<p>Acerca de la tarea asumida en el&nbsp;<a href=\"https:\/\/www.missoeshumanitarias.org\/ccfi\/\" target=\"_blank\" rel=\"noreferrer noopener\">CCFI,<\/a>&nbsp;Fray Tom\u00e1s, un servidor humanitario de la Fraternidad &#8211; Misiones Humanitarias (FMHI), explic\u00f3 que \u00abla feria intercultural representa un momento importante en el trabajo de la organizaci\u00f3n junto con la poblaci\u00f3n ind\u00edgena refugiada y migrante; representa la reuni\u00f3n de emprendedores seg\u00fan su creatividad, y dentro de su b\u00fasqueda de autonom\u00eda. Y, a lo largo del tiempo, la feria se viene fortaleciendo; la integraci\u00f3n y el trabajo mismo con la poblaci\u00f3n ind\u00edgena fue marcando la pauta\u00bb.<\/p>\n\n\n\n<figure class=\"wp-block-image size-large\"><img fetchpriority=\"high\" decoding=\"async\" width=\"1024\" height=\"682\" src=\"https:\/\/www.missoeshumanitarias.org\/wp-content\/uploads\/2023\/11\/Feira_-Intercultural_indigena_FMHI_CCFI_5-1024x682.jpg\" alt=\"Feira intercultural\" class=\"wp-image-152090\" srcset=\"https:\/\/www.missoeshumanitarias.org\/wp-content\/uploads\/2023\/11\/Feira_-Intercultural_indigena_FMHI_CCFI_5-1024x682.jpg 1024w, https:\/\/www.missoeshumanitarias.org\/wp-content\/uploads\/2023\/11\/Feira_-Intercultural_indigena_FMHI_CCFI_5-300x200.jpg 300w, https:\/\/www.missoeshumanitarias.org\/wp-content\/uploads\/2023\/11\/Feira_-Intercultural_indigena_FMHI_CCFI_5-768x512.jpg 768w, https:\/\/www.missoeshumanitarias.org\/wp-content\/uploads\/2023\/11\/Feira_-Intercultural_indigena_FMHI_CCFI_5.jpg 1280w\" sizes=\"(max-width: 1024px) 100vw, 1024px\" \/><\/figure>\n\n\n\n<p>En la evoluci\u00f3n que se ha observado en la tarea de las ferias, Fray Tom\u00e1s destac\u00f3 la pen\u00faltima de ellas que tuvo lugar el 29 de agosto: \u00abHoy tenemos la feria tem\u00e1tica, que antes no ten\u00edamos\u00bb, como tambi\u00e9n espacios de alimentaci\u00f3n y una adhesi\u00f3n muy grande de los emprendedores, que ahora son m\u00e1s de 80 participando de la feria\u00bb.<\/p>\n\n\n\n<p>Seg\u00fan Ricardo Treno, trabajador humanitario voluntario y coordinador operativo del&nbsp;<a href=\"https:\/\/www.missoeshumanitarias.org\/ccfi\/\" target=\"_blank\" rel=\"noreferrer noopener\">CCFI<\/a>, \u00abla feria representa una esperanza para los emigrantes que llegan a Brasil en busca de una nueva vida. Record\u00f3 que \u00abtodos los d\u00edas llegan nuevos migrantes venezolanos a Brasil y esta dif\u00edcil situaci\u00f3n puede transformarse en una oportunidad\u00bb.<\/p>\n\n\n\n<figure class=\"wp-block-gallery has-nested-images columns-default is-cropped wp-block-gallery-1 is-layout-flex wp-block-gallery-is-layout-flex\">\n<figure class=\"wp-block-image size-large\"><img decoding=\"async\" width=\"1024\" height=\"682\" data-id=\"152086\" src=\"https:\/\/www.missoeshumanitarias.org\/wp-content\/uploads\/2023\/11\/Feira_-Intercultural_indigena_FMHI_CCFI_4-1024x682.jpg\" alt=\"Feira intercultural\" class=\"wp-image-152086\" srcset=\"https:\/\/www.missoeshumanitarias.org\/wp-content\/uploads\/2023\/11\/Feira_-Intercultural_indigena_FMHI_CCFI_4-1024x682.jpg 1024w, https:\/\/www.missoeshumanitarias.org\/wp-content\/uploads\/2023\/11\/Feira_-Intercultural_indigena_FMHI_CCFI_4-300x200.jpg 300w, https:\/\/www.missoeshumanitarias.org\/wp-content\/uploads\/2023\/11\/Feira_-Intercultural_indigena_FMHI_CCFI_4-768x512.jpg 768w, https:\/\/www.missoeshumanitarias.org\/wp-content\/uploads\/2023\/11\/Feira_-Intercultural_indigena_FMHI_CCFI_4.jpg 1280w\" sizes=\"(max-width: 1024px) 100vw, 1024px\" \/><\/figure>\n\n\n\n<figure class=\"wp-block-image size-large\"><img decoding=\"async\" width=\"1024\" height=\"682\" data-id=\"152082\" src=\"https:\/\/www.missoeshumanitarias.org\/wp-content\/uploads\/2023\/11\/Feira_-Intercultural_indigena_FMHI_CCFI_3-1024x682.jpg\" alt=\"Feira intercultural\" class=\"wp-image-152082\" srcset=\"https:\/\/www.missoeshumanitarias.org\/wp-content\/uploads\/2023\/11\/Feira_-Intercultural_indigena_FMHI_CCFI_3-1024x682.jpg 1024w, https:\/\/www.missoeshumanitarias.org\/wp-content\/uploads\/2023\/11\/Feira_-Intercultural_indigena_FMHI_CCFI_3-300x200.jpg 300w, https:\/\/www.missoeshumanitarias.org\/wp-content\/uploads\/2023\/11\/Feira_-Intercultural_indigena_FMHI_CCFI_3-768x512.jpg 768w, https:\/\/www.missoeshumanitarias.org\/wp-content\/uploads\/2023\/11\/Feira_-Intercultural_indigena_FMHI_CCFI_3.jpg 1280w\" sizes=\"(max-width: 1024px) 100vw, 1024px\" \/><\/figure>\n<\/figure>\n\n\n\n<p>Sobre lo que se espera con la realizaci\u00f3n de las ferias, Juan Diego, servidor humanitario voluntario de la\u00a0<a href=\"https:\/\/www.missoeshumanitarias.org\/es\/\" target=\"_blank\" rel=\"noreferrer noopener\">Fraternidad &#8211; Misiones Humanitarias (FMHI),<\/a>\u00a0comparti\u00f3: \u00abConsideramos la feria como una oportunidad de encuentro entre pueblos ind\u00edgenas, por eso se llama intercultural, es decir, un encuentro entre culturas. Catorce grupos \u00e9tnicos estuvieron presentes en la \u00faltima feria, \u2014de Venezuela, Guyana y Brasil\u2014 y van intercambiando experiencias de forma natural. Creamos un ambiente con las atracciones, y la idea es que incluso las atracciones sean aut\u00f3ctonas (serigraf\u00eda, conferencias, actuaciones musicales, danza, artesan\u00eda y comida t\u00edpica), para que se vean reflejados en las atracciones de otras etnias\u00bb.<\/p>\n\n\n\n<p>En esta l\u00ednea, se\u00f1al\u00f3 Fab\u00edola, artesana ind\u00edgena venezolana de la etnia warao, dijo: \u00abMe siento muy orgullosa de conocer a una nueva familia en este peque\u00f1o encuentro, donde conocimos el trabajo de otras etnias y nos sentimos como hermanos, compartiendo nuestra cultura y reconociendo el valor, la inteligencia de cada persona, de cada etnia\u00bb.<\/p>\n\n\n\n<figure class=\"wp-block-gallery has-nested-images columns-default is-cropped wp-block-gallery-2 is-layout-flex wp-block-gallery-is-layout-flex\">\n<figure class=\"wp-block-image size-large\"><img loading=\"lazy\" decoding=\"async\" width=\"1024\" height=\"682\" data-id=\"152078\" src=\"https:\/\/www.missoeshumanitarias.org\/wp-content\/uploads\/2023\/11\/Feira_-Intercultural_indigena_FMHI_CCFI_2-1024x682.jpg\" alt=\"Feira intercultural\" class=\"wp-image-152078\" srcset=\"https:\/\/www.missoeshumanitarias.org\/wp-content\/uploads\/2023\/11\/Feira_-Intercultural_indigena_FMHI_CCFI_2-1024x682.jpg 1024w, https:\/\/www.missoeshumanitarias.org\/wp-content\/uploads\/2023\/11\/Feira_-Intercultural_indigena_FMHI_CCFI_2-300x200.jpg 300w, https:\/\/www.missoeshumanitarias.org\/wp-content\/uploads\/2023\/11\/Feira_-Intercultural_indigena_FMHI_CCFI_2-768x512.jpg 768w, https:\/\/www.missoeshumanitarias.org\/wp-content\/uploads\/2023\/11\/Feira_-Intercultural_indigena_FMHI_CCFI_2.jpg 1280w\" sizes=\"(max-width: 1024px) 100vw, 1024px\" \/><\/figure>\n\n\n\n<figure class=\"wp-block-image size-large\"><img loading=\"lazy\" decoding=\"async\" width=\"1024\" height=\"682\" data-id=\"152074\" src=\"https:\/\/www.missoeshumanitarias.org\/wp-content\/uploads\/2023\/11\/Feira_-Intercultural_indigena_FMHI_CCFI_1-1024x682.jpg\" alt=\"Feira intercultural\" class=\"wp-image-152074\" srcset=\"https:\/\/www.missoeshumanitarias.org\/wp-content\/uploads\/2023\/11\/Feira_-Intercultural_indigena_FMHI_CCFI_1-1024x682.jpg 1024w, https:\/\/www.missoeshumanitarias.org\/wp-content\/uploads\/2023\/11\/Feira_-Intercultural_indigena_FMHI_CCFI_1-300x200.jpg 300w, https:\/\/www.missoeshumanitarias.org\/wp-content\/uploads\/2023\/11\/Feira_-Intercultural_indigena_FMHI_CCFI_1-768x512.jpg 768w, https:\/\/www.missoeshumanitarias.org\/wp-content\/uploads\/2023\/11\/Feira_-Intercultural_indigena_FMHI_CCFI_1.jpg 1280w\" sizes=\"(max-width: 1024px) 100vw, 1024px\" \/><\/figure>\n<\/figure>\n\n\n\n<p>Desde un punto de vista econ\u00f3mico y financiero, la feria permite a los inmigrantes refugiados obtener una renta a trav\u00e9s de la comercializaci\u00f3n de artesan\u00edas. Como tal, representa una de las etapas de una soluci\u00f3n duradera, que permite la integraci\u00f3n en la sociedad local al colocar los productos que producen a lo largo del a\u00f1o y de los meses. La misi\u00f3n apoya la elaboraci\u00f3n de los productos en varios momentos, desde la recolecci\u00f3n del buriti, la materia prima utilizada, hasta la divulgaci\u00f3n y comercializaci\u00f3n, en la ciudad de Boa Vista, de las artesan\u00edas fabricadas.<\/p>\n\n\n\n<p>Ricardo inform\u00f3 que \u00abvarios de ellos tienen diferentes t\u00e9cnicas para trabajar el buriti y la artesan\u00eda. Comparten estas diferentes formas entre s\u00ed, y hay un enriquecimiento cultural de las t\u00e9cnicas que garantizan su supervivencia\u00bb.<\/p>\n\n\n\n<p>\u00abCreo que estos eventos son muy importantes para que valoremos la cultura ind\u00edgena; sabemos que muchas veces no la valoramos como deber\u00edamos y me encanta, hay mucha variedad, muchos productos\u00bb, comparti\u00f3\u00bb, comparti\u00f3 Ver\u00f4nica, visitante de la feria.<\/p>\n\n\n\n<figure class=\"wp-block-gallery has-nested-images columns-default is-cropped wp-block-gallery-3 is-layout-flex wp-block-gallery-is-layout-flex\">\n<figure class=\"wp-block-image size-large\"><img loading=\"lazy\" decoding=\"async\" width=\"576\" height=\"1024\" data-id=\"152070\" src=\"https:\/\/www.missoeshumanitarias.org\/wp-content\/uploads\/2023\/11\/Feira_-Intercultural_indigena_FMHI_CCFI_10-576x1024.jpg\" alt=\"Feira intercultural\" class=\"wp-image-152070\" srcset=\"https:\/\/www.missoeshumanitarias.org\/wp-content\/uploads\/2023\/11\/Feira_-Intercultural_indigena_FMHI_CCFI_10-576x1024.jpg 576w, https:\/\/www.missoeshumanitarias.org\/wp-content\/uploads\/2023\/11\/Feira_-Intercultural_indigena_FMHI_CCFI_10-169x300.jpg 169w, https:\/\/www.missoeshumanitarias.org\/wp-content\/uploads\/2023\/11\/Feira_-Intercultural_indigena_FMHI_CCFI_10.jpg 720w\" sizes=\"(max-width: 576px) 100vw, 576px\" \/><\/figure>\n\n\n\n<figure class=\"wp-block-image size-large\"><img loading=\"lazy\" decoding=\"async\" width=\"768\" height=\"1024\" data-id=\"152066\" src=\"https:\/\/www.missoeshumanitarias.org\/wp-content\/uploads\/2023\/11\/Feira_-Intercultural_indigena_FMHI_CCFI_9-768x1024.jpg\" alt=\"Feira intercultural\" class=\"wp-image-152066\" srcset=\"https:\/\/www.missoeshumanitarias.org\/wp-content\/uploads\/2023\/11\/Feira_-Intercultural_indigena_FMHI_CCFI_9-768x1024.jpg 768w, https:\/\/www.missoeshumanitarias.org\/wp-content\/uploads\/2023\/11\/Feira_-Intercultural_indigena_FMHI_CCFI_9-225x300.jpg 225w, https:\/\/www.missoeshumanitarias.org\/wp-content\/uploads\/2023\/11\/Feira_-Intercultural_indigena_FMHI_CCFI_9.jpg 960w\" sizes=\"(max-width: 768px) 100vw, 768px\" \/><\/figure>\n<\/figure>\n\n\n\n<p>Desde el punto de vista de la importancia de valorar la identidad de los pueblos ind\u00edgenas y la riqueza cultural que estos pueblos aportan, no s\u00f3lo a Brasil como pueblo ra\u00edz, sino a todo el mundo, la hermana Mar\u00eda Raquel, coordinadora de la\u00a0<a href=\"https:\/\/www.missoeshumanitarias.org\/es\/ccfi\/\" target=\"_blank\" rel=\"noreferrer noopener\">Misi\u00f3n Roraima Humanitaria<\/a>, reflexion\u00f3 que \u00abEsta cultura est\u00e1 viva, esta ancestralidad est\u00e1 viva; ellos la traen y se puede ver en la feria y en los diferentes momentos en que podemos intercambiar con ellos su propia expresi\u00f3n\u00bb. <\/p>\n\n\n\n<p>La\u00eds, visitante de la feria intercultural, afirm\u00f3 que \u00ablas personas\u00a0 han mostrado su arte, han revelado su potencial y hemos apreciado realmente lo que viene de la cultura ind\u00edgena, tanto de Brasil como de Venezuela, y es todo muy hermoso\u00bb.<\/p>\n\n\n\n<p>La hermana Mar\u00eda Raquel a\u00f1ade que \u00ablas ferias son estrat\u00e9gicas, porque acercan el p\u00fablico externo de Boa Vista para que conozca todo este legado, para que la sociedad de Boa Vista pueda venir y conocer todo este conocimiento ancestral, toda esta disposici\u00f3n de la migraci\u00f3n ind\u00edgena venezolana\u00bb<\/p>\n\n\n\n<figure class=\"wp-block-gallery has-nested-images columns-default is-cropped wp-block-gallery-4 is-layout-flex wp-block-gallery-is-layout-flex\">\n<figure class=\"wp-block-image size-large\"><img loading=\"lazy\" decoding=\"async\" width=\"1024\" height=\"682\" data-id=\"152062\" src=\"https:\/\/www.missoeshumanitarias.org\/wp-content\/uploads\/2023\/11\/Feira_-Intercultural_indigena_FMHI_CCFI_8-1024x682.jpg\" alt=\"Feira intercultural\" class=\"wp-image-152062\" srcset=\"https:\/\/www.missoeshumanitarias.org\/wp-content\/uploads\/2023\/11\/Feira_-Intercultural_indigena_FMHI_CCFI_8-1024x682.jpg 1024w, https:\/\/www.missoeshumanitarias.org\/wp-content\/uploads\/2023\/11\/Feira_-Intercultural_indigena_FMHI_CCFI_8-300x200.jpg 300w, https:\/\/www.missoeshumanitarias.org\/wp-content\/uploads\/2023\/11\/Feira_-Intercultural_indigena_FMHI_CCFI_8-768x512.jpg 768w, https:\/\/www.missoeshumanitarias.org\/wp-content\/uploads\/2023\/11\/Feira_-Intercultural_indigena_FMHI_CCFI_8.jpg 1280w\" sizes=\"(max-width: 1024px) 100vw, 1024px\" \/><\/figure>\n\n\n\n<figure class=\"wp-block-image size-large\"><img loading=\"lazy\" decoding=\"async\" width=\"1024\" height=\"682\" data-id=\"152058\" src=\"https:\/\/www.missoeshumanitarias.org\/wp-content\/uploads\/2023\/11\/Feira_-Intercultural_indigena_FMHI_CCFI_7-1024x682.jpg\" alt=\"Feira intercultural\" class=\"wp-image-152058\" srcset=\"https:\/\/www.missoeshumanitarias.org\/wp-content\/uploads\/2023\/11\/Feira_-Intercultural_indigena_FMHI_CCFI_7-1024x682.jpg 1024w, https:\/\/www.missoeshumanitarias.org\/wp-content\/uploads\/2023\/11\/Feira_-Intercultural_indigena_FMHI_CCFI_7-300x200.jpg 300w, https:\/\/www.missoeshumanitarias.org\/wp-content\/uploads\/2023\/11\/Feira_-Intercultural_indigena_FMHI_CCFI_7-768x512.jpg 768w, https:\/\/www.missoeshumanitarias.org\/wp-content\/uploads\/2023\/11\/Feira_-Intercultural_indigena_FMHI_CCFI_7.jpg 1280w\" sizes=\"(max-width: 1024px) 100vw, 1024px\" \/><\/figure>\n<\/figure>\n\n\n\n<p>La oportunidad de fortalecimiento cultural que brindan las ferias permite que la historia y la identidad de los migrantes no se pierdan en los desaf\u00edos vividos por ellos. Seg\u00fan el fil\u00f3sofo Jos\u00e9 Ortega y Gasset&nbsp; \u00ab(&#8230;) la cultura es una dimensi\u00f3n constitutiva de la existencia&nbsp; humana, como&nbsp; las manos son un atributo del hombre\u00bb.<\/p>\n\n\n\n<p>En un intento de traducir la grandeza de la tarea cultural que traen las ferias, Ricardo concluy\u00f3 que el evento representa \u00abuna gran convergencia de pueblos, de culturas, de saberes; varios corazones, varias historias, varias opiniones, varios futuros, varias esperanzas y sue\u00f1os&#8230;entrecruzados\u00bb.<\/p>\n\n\n\n<p>Fray Thomas resume diciendo que esta acci\u00f3n \u00abes una gota min\u00fascula, pero es una gota cada vez m\u00e1s grande, m\u00e1s efectiva, y creemos que esto tiene repercusiones\u00bb.<\/p>\n\n\n\n<figure class=\"wp-block-gallery has-nested-images columns-default is-cropped wp-block-gallery-5 is-layout-flex wp-block-gallery-is-layout-flex\">\n<figure class=\"wp-block-image size-large\"><img loading=\"lazy\" decoding=\"async\" width=\"1024\" height=\"682\" data-id=\"152054\" src=\"https:\/\/www.missoeshumanitarias.org\/wp-content\/uploads\/2023\/11\/Feira_-Intercultural_indigena_FMHI_CCFI_6-1024x682.jpg\" alt=\"Feira intercultural\" class=\"wp-image-152054\" srcset=\"https:\/\/www.missoeshumanitarias.org\/wp-content\/uploads\/2023\/11\/Feira_-Intercultural_indigena_FMHI_CCFI_6-1024x682.jpg 1024w, https:\/\/www.missoeshumanitarias.org\/wp-content\/uploads\/2023\/11\/Feira_-Intercultural_indigena_FMHI_CCFI_6-300x200.jpg 300w, https:\/\/www.missoeshumanitarias.org\/wp-content\/uploads\/2023\/11\/Feira_-Intercultural_indigena_FMHI_CCFI_6-768x512.jpg 768w, https:\/\/www.missoeshumanitarias.org\/wp-content\/uploads\/2023\/11\/Feira_-Intercultural_indigena_FMHI_CCFI_6.jpg 1280w\" sizes=\"(max-width: 1024px) 100vw, 1024px\" \/><\/figure>\n<\/figure>\n","protected":false},"excerpt":{"rendered":"<p>&nbsp;La&nbsp;Fraternidad &#8211; Misiones Humanitarias Internacionales(FMHI), a trav\u00e9s de&nbsp;la Misi\u00f3n Roraima Humanitaria, viene promoviendo ferias en el&nbsp;Centro Cultural y de Formaci\u00f3n Ind\u00edgena (CCFI)&nbsp;de Boa Vista &#8211; Roraima, abiertas al p\u00fablico en general. En total, se han realizado nueve ferias interculturales desde 2021, cuando se inici\u00f3 esta actividad, que viene evolucionando y dando frutos a lo largo [&hellip;]<\/p>\n","protected":false},"author":11,"featured_media":152078,"comment_status":"closed","ping_status":"closed","sticky":false,"template":"","format":"standard","meta":{"footnotes":""},"categories":[43,131],"tags":[],"class_list":["post-152250","post","type-post","status-publish","format-standard","has-post-thumbnail","hentry","category-noticias-es","category-noticias-de-las-misiones"],"featured_image_src":"https:\/\/www.missoeshumanitarias.org\/wp-content\/uploads\/2023\/11\/Feira_-Intercultural_indigena_FMHI_CCFI_2.jpg","author_info":{"display_name":"Pedro Duca","author_link":"https:\/\/www.missoeshumanitarias.org\/es\/author\/pedro_admin\/"},"yoast_head":"<!-- This site is optimized with the Yoast SEO Premium plugin v22.5 (Yoast SEO v22.5) - https:\/\/yoast.com\/wordpress\/plugins\/seo\/ -->\n<title>Feria Intercultural -\u00a0 una celebraci\u00f3n de la riqueza cultural ind\u00edgena - Fraternidade Miss\u00f5es Humanit\u00e1rias Internacionais<\/title>\n<meta name=\"robots\" content=\"index, follow, max-snippet:-1, max-image-preview:large, max-video-preview:-1\" \/>\n<link rel=\"canonical\" href=\"https:\/\/www.missoeshumanitarias.org\/es\/feria-intercultural-una-celebracion-de-la-riqueza-cultural-indigena\/\" \/>\n<meta property=\"og:locale\" content=\"es_ES\" \/>\n<meta property=\"og:type\" content=\"article\" \/>\n<meta property=\"og:title\" content=\"Feria Intercultural -\u00a0 una celebraci\u00f3n de la riqueza cultural ind\u00edgena\" \/>\n<meta property=\"og:description\" content=\"&nbsp;La&nbsp;Fraternidad &#8211; Misiones Humanitarias Internacionales(FMHI), a trav\u00e9s de&nbsp;la Misi\u00f3n Roraima Humanitaria, viene promoviendo ferias en el&nbsp;Centro Cultural y de Formaci\u00f3n Ind\u00edgena (CCFI)&nbsp;de Boa Vista &#8211; Roraima, abiertas al p\u00fablico en general. En total, se han realizado nueve ferias interculturales desde 2021, cuando se inici\u00f3 esta actividad, que viene evolucionando y dando frutos a lo largo [&hellip;]\" \/>\n<meta property=\"og:url\" content=\"https:\/\/www.missoeshumanitarias.org\/es\/feria-intercultural-una-celebracion-de-la-riqueza-cultural-indigena\/\" \/>\n<meta property=\"og:site_name\" content=\"Fraternidade Miss\u00f5es Humanit\u00e1rias Internacionais\" \/>\n<meta property=\"article:published_time\" content=\"2023-11-14T23:53:05+00:00\" \/>\n<meta property=\"article:modified_time\" content=\"2023-11-23T21:44:46+00:00\" \/>\n<meta property=\"og:image\" content=\"https:\/\/www.missoeshumanitarias.org\/wp-content\/uploads\/2023\/11\/Feira_-Intercultural_indigena_FMHI_CCFI_2.jpg\" \/>\n\t<meta property=\"og:image:width\" content=\"1280\" \/>\n\t<meta property=\"og:image:height\" content=\"853\" \/>\n\t<meta property=\"og:image:type\" content=\"image\/jpeg\" \/>\n<meta name=\"author\" content=\"Pedro Duca\" \/>\n<meta name=\"twitter:card\" content=\"summary_large_image\" \/>\n<meta name=\"twitter:label1\" content=\"Escrito por\" \/>\n\t<meta name=\"twitter:data1\" content=\"Pedro Duca\" \/>\n\t<meta name=\"twitter:label2\" content=\"Tiempo de lectura\" \/>\n\t<meta name=\"twitter:data2\" content=\"7 minutos\" \/>\n<script type=\"application\/ld+json\" class=\"yoast-schema-graph\">{\"@context\":\"https:\/\/schema.org\",\"@graph\":[{\"@type\":\"Article\",\"@id\":\"https:\/\/www.missoeshumanitarias.org\/es\/feria-intercultural-una-celebracion-de-la-riqueza-cultural-indigena\/#article\",\"isPartOf\":{\"@id\":\"https:\/\/www.missoeshumanitarias.org\/es\/feria-intercultural-una-celebracion-de-la-riqueza-cultural-indigena\/\"},\"author\":{\"name\":\"Pedro Duca\",\"@id\":\"https:\/\/www.missoeshumanitarias.org\/es\/#\/schema\/person\/7030103646ac86851022f2f911303335\"},\"headline\":\"Feria Intercultural &#8211;\u00a0 una celebraci\u00f3n de la riqueza cultural ind\u00edgena\",\"datePublished\":\"2023-11-14T23:53:05+00:00\",\"dateModified\":\"2023-11-23T21:44:46+00:00\",\"mainEntityOfPage\":{\"@id\":\"https:\/\/www.missoeshumanitarias.org\/es\/feria-intercultural-una-celebracion-de-la-riqueza-cultural-indigena\/\"},\"wordCount\":970,\"publisher\":{\"@id\":\"https:\/\/www.missoeshumanitarias.org\/es\/#organization\"},\"image\":{\"@id\":\"https:\/\/www.missoeshumanitarias.org\/es\/feria-intercultural-una-celebracion-de-la-riqueza-cultural-indigena\/#primaryimage\"},\"thumbnailUrl\":\"https:\/\/www.missoeshumanitarias.org\/wp-content\/uploads\/2023\/11\/Feira_-Intercultural_indigena_FMHI_CCFI_2.jpg\",\"articleSection\":[\"Noticias\",\"Noticias de las Misiones\"],\"inLanguage\":\"es\"},{\"@type\":\"WebPage\",\"@id\":\"https:\/\/www.missoeshumanitarias.org\/es\/feria-intercultural-una-celebracion-de-la-riqueza-cultural-indigena\/\",\"url\":\"https:\/\/www.missoeshumanitarias.org\/es\/feria-intercultural-una-celebracion-de-la-riqueza-cultural-indigena\/\",\"name\":\"Feria Intercultural -\u00a0 una celebraci\u00f3n de la riqueza cultural ind\u00edgena - Fraternidade Miss\u00f5es Humanit\u00e1rias Internacionais\",\"isPartOf\":{\"@id\":\"https:\/\/www.missoeshumanitarias.org\/es\/#website\"},\"primaryImageOfPage\":{\"@id\":\"https:\/\/www.missoeshumanitarias.org\/es\/feria-intercultural-una-celebracion-de-la-riqueza-cultural-indigena\/#primaryimage\"},\"image\":{\"@id\":\"https:\/\/www.missoeshumanitarias.org\/es\/feria-intercultural-una-celebracion-de-la-riqueza-cultural-indigena\/#primaryimage\"},\"thumbnailUrl\":\"https:\/\/www.missoeshumanitarias.org\/wp-content\/uploads\/2023\/11\/Feira_-Intercultural_indigena_FMHI_CCFI_2.jpg\",\"datePublished\":\"2023-11-14T23:53:05+00:00\",\"dateModified\":\"2023-11-23T21:44:46+00:00\",\"breadcrumb\":{\"@id\":\"https:\/\/www.missoeshumanitarias.org\/es\/feria-intercultural-una-celebracion-de-la-riqueza-cultural-indigena\/#breadcrumb\"},\"inLanguage\":\"es\",\"potentialAction\":[{\"@type\":\"ReadAction\",\"target\":[\"https:\/\/www.missoeshumanitarias.org\/es\/feria-intercultural-una-celebracion-de-la-riqueza-cultural-indigena\/\"]}]},{\"@type\":\"ImageObject\",\"inLanguage\":\"es\",\"@id\":\"https:\/\/www.missoeshumanitarias.org\/es\/feria-intercultural-una-celebracion-de-la-riqueza-cultural-indigena\/#primaryimage\",\"url\":\"https:\/\/www.missoeshumanitarias.org\/wp-content\/uploads\/2023\/11\/Feira_-Intercultural_indigena_FMHI_CCFI_2.jpg\",\"contentUrl\":\"https:\/\/www.missoeshumanitarias.org\/wp-content\/uploads\/2023\/11\/Feira_-Intercultural_indigena_FMHI_CCFI_2.jpg\",\"width\":1280,\"height\":853,\"caption\":\"Feira intercultural\"},{\"@type\":\"BreadcrumbList\",\"@id\":\"https:\/\/www.missoeshumanitarias.org\/es\/feria-intercultural-una-celebracion-de-la-riqueza-cultural-indigena\/#breadcrumb\",\"itemListElement\":[{\"@type\":\"ListItem\",\"position\":1,\"name\":\"Home\",\"item\":\"https:\/\/www.missoeshumanitarias.org\/en\/\"},{\"@type\":\"ListItem\",\"position\":2,\"name\":\"Feria Intercultural &#8211;\u00a0 una celebraci\u00f3n de la riqueza cultural ind\u00edgena\"}]},{\"@type\":\"WebSite\",\"@id\":\"https:\/\/www.missoeshumanitarias.org\/es\/#website\",\"url\":\"https:\/\/www.missoeshumanitarias.org\/es\/\",\"name\":\"Fraternidade Miss\u00f5es Humanit\u00e1rias Internacionais\",\"description\":\"Respostas Humanit\u00e1rias e Emerg\u00eancias\",\"publisher\":{\"@id\":\"https:\/\/www.missoeshumanitarias.org\/es\/#organization\"},\"potentialAction\":[{\"@type\":\"SearchAction\",\"target\":{\"@type\":\"EntryPoint\",\"urlTemplate\":\"https:\/\/www.missoeshumanitarias.org\/es\/?s={search_term_string}\"},\"query-input\":\"required name=search_term_string\"}],\"inLanguage\":\"es\"},{\"@type\":\"Organization\",\"@id\":\"https:\/\/www.missoeshumanitarias.org\/es\/#organization\",\"name\":\"Fraternidade - Miss\u00f5es Humanit\u00e1rias Internacionais\",\"url\":\"https:\/\/www.missoeshumanitarias.org\/es\/\",\"logo\":{\"@type\":\"ImageObject\",\"inLanguage\":\"es\",\"@id\":\"https:\/\/www.missoeshumanitarias.org\/es\/#\/schema\/logo\/image\/\",\"url\":\"https:\/\/www.missoeshumanitarias.org\/wp-content\/uploads\/2020\/05\/logo-FMHI-mg.png\",\"contentUrl\":\"https:\/\/www.missoeshumanitarias.org\/wp-content\/uploads\/2020\/05\/logo-FMHI-mg.png\",\"width\":520,\"height\":134,\"caption\":\"Fraternidade - Miss\u00f5es Humanit\u00e1rias Internacionais\"},\"image\":{\"@id\":\"https:\/\/www.missoeshumanitarias.org\/es\/#\/schema\/logo\/image\/\"}},{\"@type\":\"Person\",\"@id\":\"https:\/\/www.missoeshumanitarias.org\/es\/#\/schema\/person\/7030103646ac86851022f2f911303335\",\"name\":\"Pedro Duca\",\"image\":{\"@type\":\"ImageObject\",\"inLanguage\":\"es\",\"@id\":\"https:\/\/www.missoeshumanitarias.org\/es\/#\/schema\/person\/image\/\",\"url\":\"https:\/\/secure.gravatar.com\/avatar\/8f37b65fd0a898e39eb8356b57364c8a49e2a0098368f80d560bd4d2ddc12c2e?s=96&d=mm&r=g\",\"contentUrl\":\"https:\/\/secure.gravatar.com\/avatar\/8f37b65fd0a898e39eb8356b57364c8a49e2a0098368f80d560bd4d2ddc12c2e?s=96&d=mm&r=g\",\"caption\":\"Pedro Duca\"}}]}<\/script>\n<!-- \/ Yoast SEO Premium plugin. -->","yoast_head_json":{"title":"Feria Intercultural -\u00a0 una celebraci\u00f3n de la riqueza cultural ind\u00edgena - Fraternidade Miss\u00f5es Humanit\u00e1rias Internacionais","robots":{"index":"index","follow":"follow","max-snippet":"max-snippet:-1","max-image-preview":"max-image-preview:large","max-video-preview":"max-video-preview:-1"},"canonical":"https:\/\/www.missoeshumanitarias.org\/es\/feria-intercultural-una-celebracion-de-la-riqueza-cultural-indigena\/","og_locale":"es_ES","og_type":"article","og_title":"Feria Intercultural -\u00a0 una celebraci\u00f3n de la riqueza cultural ind\u00edgena","og_description":"&nbsp;La&nbsp;Fraternidad &#8211; Misiones Humanitarias Internacionales(FMHI), a trav\u00e9s de&nbsp;la Misi\u00f3n Roraima Humanitaria, viene promoviendo ferias en el&nbsp;Centro Cultural y de Formaci\u00f3n Ind\u00edgena (CCFI)&nbsp;de Boa Vista &#8211; Roraima, abiertas al p\u00fablico en general. En total, se han realizado nueve ferias interculturales desde 2021, cuando se inici\u00f3 esta actividad, que viene evolucionando y dando frutos a lo largo [&hellip;]","og_url":"https:\/\/www.missoeshumanitarias.org\/es\/feria-intercultural-una-celebracion-de-la-riqueza-cultural-indigena\/","og_site_name":"Fraternidade Miss\u00f5es Humanit\u00e1rias Internacionais","article_published_time":"2023-11-14T23:53:05+00:00","article_modified_time":"2023-11-23T21:44:46+00:00","og_image":[{"width":1280,"height":853,"url":"https:\/\/www.missoeshumanitarias.org\/wp-content\/uploads\/2023\/11\/Feira_-Intercultural_indigena_FMHI_CCFI_2.jpg","type":"image\/jpeg"}],"author":"Pedro Duca","twitter_card":"summary_large_image","twitter_misc":{"Escrito por":"Pedro Duca","Tiempo de lectura":"7 minutos"},"schema":{"@context":"https:\/\/schema.org","@graph":[{"@type":"Article","@id":"https:\/\/www.missoeshumanitarias.org\/es\/feria-intercultural-una-celebracion-de-la-riqueza-cultural-indigena\/#article","isPartOf":{"@id":"https:\/\/www.missoeshumanitarias.org\/es\/feria-intercultural-una-celebracion-de-la-riqueza-cultural-indigena\/"},"author":{"name":"Pedro Duca","@id":"https:\/\/www.missoeshumanitarias.org\/es\/#\/schema\/person\/7030103646ac86851022f2f911303335"},"headline":"Feria Intercultural &#8211;\u00a0 una celebraci\u00f3n de la riqueza cultural ind\u00edgena","datePublished":"2023-11-14T23:53:05+00:00","dateModified":"2023-11-23T21:44:46+00:00","mainEntityOfPage":{"@id":"https:\/\/www.missoeshumanitarias.org\/es\/feria-intercultural-una-celebracion-de-la-riqueza-cultural-indigena\/"},"wordCount":970,"publisher":{"@id":"https:\/\/www.missoeshumanitarias.org\/es\/#organization"},"image":{"@id":"https:\/\/www.missoeshumanitarias.org\/es\/feria-intercultural-una-celebracion-de-la-riqueza-cultural-indigena\/#primaryimage"},"thumbnailUrl":"https:\/\/www.missoeshumanitarias.org\/wp-content\/uploads\/2023\/11\/Feira_-Intercultural_indigena_FMHI_CCFI_2.jpg","articleSection":["Noticias","Noticias de las Misiones"],"inLanguage":"es"},{"@type":"WebPage","@id":"https:\/\/www.missoeshumanitarias.org\/es\/feria-intercultural-una-celebracion-de-la-riqueza-cultural-indigena\/","url":"https:\/\/www.missoeshumanitarias.org\/es\/feria-intercultural-una-celebracion-de-la-riqueza-cultural-indigena\/","name":"Feria Intercultural -\u00a0 una celebraci\u00f3n de la riqueza cultural ind\u00edgena - Fraternidade Miss\u00f5es Humanit\u00e1rias Internacionais","isPartOf":{"@id":"https:\/\/www.missoeshumanitarias.org\/es\/#website"},"primaryImageOfPage":{"@id":"https:\/\/www.missoeshumanitarias.org\/es\/feria-intercultural-una-celebracion-de-la-riqueza-cultural-indigena\/#primaryimage"},"image":{"@id":"https:\/\/www.missoeshumanitarias.org\/es\/feria-intercultural-una-celebracion-de-la-riqueza-cultural-indigena\/#primaryimage"},"thumbnailUrl":"https:\/\/www.missoeshumanitarias.org\/wp-content\/uploads\/2023\/11\/Feira_-Intercultural_indigena_FMHI_CCFI_2.jpg","datePublished":"2023-11-14T23:53:05+00:00","dateModified":"2023-11-23T21:44:46+00:00","breadcrumb":{"@id":"https:\/\/www.missoeshumanitarias.org\/es\/feria-intercultural-una-celebracion-de-la-riqueza-cultural-indigena\/#breadcrumb"},"inLanguage":"es","potentialAction":[{"@type":"ReadAction","target":["https:\/\/www.missoeshumanitarias.org\/es\/feria-intercultural-una-celebracion-de-la-riqueza-cultural-indigena\/"]}]},{"@type":"ImageObject","inLanguage":"es","@id":"https:\/\/www.missoeshumanitarias.org\/es\/feria-intercultural-una-celebracion-de-la-riqueza-cultural-indigena\/#primaryimage","url":"https:\/\/www.missoeshumanitarias.org\/wp-content\/uploads\/2023\/11\/Feira_-Intercultural_indigena_FMHI_CCFI_2.jpg","contentUrl":"https:\/\/www.missoeshumanitarias.org\/wp-content\/uploads\/2023\/11\/Feira_-Intercultural_indigena_FMHI_CCFI_2.jpg","width":1280,"height":853,"caption":"Feira intercultural"},{"@type":"BreadcrumbList","@id":"https:\/\/www.missoeshumanitarias.org\/es\/feria-intercultural-una-celebracion-de-la-riqueza-cultural-indigena\/#breadcrumb","itemListElement":[{"@type":"ListItem","position":1,"name":"Home","item":"https:\/\/www.missoeshumanitarias.org\/en\/"},{"@type":"ListItem","position":2,"name":"Feria Intercultural &#8211;\u00a0 una celebraci\u00f3n de la riqueza cultural ind\u00edgena"}]},{"@type":"WebSite","@id":"https:\/\/www.missoeshumanitarias.org\/es\/#website","url":"https:\/\/www.missoeshumanitarias.org\/es\/","name":"Fraternidade Miss\u00f5es Humanit\u00e1rias Internacionais","description":"Respostas Humanit\u00e1rias e Emerg\u00eancias","publisher":{"@id":"https:\/\/www.missoeshumanitarias.org\/es\/#organization"},"potentialAction":[{"@type":"SearchAction","target":{"@type":"EntryPoint","urlTemplate":"https:\/\/www.missoeshumanitarias.org\/es\/?s={search_term_string}"},"query-input":"required name=search_term_string"}],"inLanguage":"es"},{"@type":"Organization","@id":"https:\/\/www.missoeshumanitarias.org\/es\/#organization","name":"Fraternidade - Miss\u00f5es Humanit\u00e1rias Internacionais","url":"https:\/\/www.missoeshumanitarias.org\/es\/","logo":{"@type":"ImageObject","inLanguage":"es","@id":"https:\/\/www.missoeshumanitarias.org\/es\/#\/schema\/logo\/image\/","url":"https:\/\/www.missoeshumanitarias.org\/wp-content\/uploads\/2020\/05\/logo-FMHI-mg.png","contentUrl":"https:\/\/www.missoeshumanitarias.org\/wp-content\/uploads\/2020\/05\/logo-FMHI-mg.png","width":520,"height":134,"caption":"Fraternidade - Miss\u00f5es Humanit\u00e1rias Internacionais"},"image":{"@id":"https:\/\/www.missoeshumanitarias.org\/es\/#\/schema\/logo\/image\/"}},{"@type":"Person","@id":"https:\/\/www.missoeshumanitarias.org\/es\/#\/schema\/person\/7030103646ac86851022f2f911303335","name":"Pedro Duca","image":{"@type":"ImageObject","inLanguage":"es","@id":"https:\/\/www.missoeshumanitarias.org\/es\/#\/schema\/person\/image\/","url":"https:\/\/secure.gravatar.com\/avatar\/8f37b65fd0a898e39eb8356b57364c8a49e2a0098368f80d560bd4d2ddc12c2e?s=96&d=mm&r=g","contentUrl":"https:\/\/secure.gravatar.com\/avatar\/8f37b65fd0a898e39eb8356b57364c8a49e2a0098368f80d560bd4d2ddc12c2e?s=96&d=mm&r=g","caption":"Pedro Duca"}}]}},"_links":{"self":[{"href":"https:\/\/www.missoeshumanitarias.org\/es\/wp-json\/wp\/v2\/posts\/152250","targetHints":{"allow":["GET"]}}],"collection":[{"href":"https:\/\/www.missoeshumanitarias.org\/es\/wp-json\/wp\/v2\/posts"}],"about":[{"href":"https:\/\/www.missoeshumanitarias.org\/es\/wp-json\/wp\/v2\/types\/post"}],"author":[{"embeddable":true,"href":"https:\/\/www.missoeshumanitarias.org\/es\/wp-json\/wp\/v2\/users\/11"}],"replies":[{"embeddable":true,"href":"https:\/\/www.missoeshumanitarias.org\/es\/wp-json\/wp\/v2\/comments?post=152250"}],"version-history":[{"count":1,"href":"https:\/\/www.missoeshumanitarias.org\/es\/wp-json\/wp\/v2\/posts\/152250\/revisions"}],"predecessor-version":[{"id":152252,"href":"https:\/\/www.missoeshumanitarias.org\/es\/wp-json\/wp\/v2\/posts\/152250\/revisions\/152252"}],"wp:featuredmedia":[{"embeddable":true,"href":"https:\/\/www.missoeshumanitarias.org\/es\/wp-json\/wp\/v2\/media\/152078"}],"wp:attachment":[{"href":"https:\/\/www.missoeshumanitarias.org\/es\/wp-json\/wp\/v2\/media?parent=152250"}],"wp:term":[{"taxonomy":"category","embeddable":true,"href":"https:\/\/www.missoeshumanitarias.org\/es\/wp-json\/wp\/v2\/categories?post=152250"},{"taxonomy":"post_tag","embeddable":true,"href":"https:\/\/www.missoeshumanitarias.org\/es\/wp-json\/wp\/v2\/tags?post=152250"}],"curies":[{"name":"wp","href":"https:\/\/api.w.org\/{rel}","templated":true}]}}