{"id":152984,"date":"2024-02-03T14:13:26","date_gmt":"2024-02-03T17:13:26","guid":{"rendered":"https:\/\/www.missoeshumanitarias.org\/?p=152984"},"modified":"2024-04-07T12:02:33","modified_gmt":"2024-04-07T15:02:33","slug":"resiliencia-y-compromiso-el-camino-de-la-fraternidad-misiones-humanitarias-internacionales-en-2023","status":"publish","type":"post","link":"https:\/\/www.missoeshumanitarias.org\/es\/resiliencia-y-compromiso-el-camino-de-la-fraternidad-misiones-humanitarias-internacionales-en-2023\/","title":{"rendered":"Resiliencia y compromiso: El Camino de la Fraternidad \u2013 Misiones Humanitarias Internacionales en 2023&#8243;"},"content":{"rendered":"\n<p>En medio de las adversidades y de los desaf\u00edos globales del 2023, la Fraternidad \u2013 Misiones Humanitarias Internacionales (FMHI) demostr\u00f3 nuevamente su compromiso irrevocable con la solidaridad y la ayuda humanitaria. As\u00ed, a lo largo del a\u00f1o, la organizaci\u00f3n mantuvo y renov\u00f3 antiguas sociedades, as\u00ed como estableci\u00f3 nuevas alianzas para continuar construyendo puentes hacia un futuro m\u00e1s justo y fraterno.<\/p>\n\n\n\n<p>&nbsp;El siguiente video es un resumen de la actuaci\u00f3n de la&nbsp;<a href=\"https:\/\/www.missoeshumanitarias.org\/es\/\" target=\"_blank\" rel=\"noreferrer noopener\">Fraternidad \u2013 Misiones Humanitarias (FMHI)<\/a>, pero es tambi\u00e9n, un reconocimiento a servidores voluntarios, colaboradores, donadores y socios, gracias a quienes fue posible seguir avanzando y abrir nuevas puertas hacia la innovaci\u00f3n, el crecimiento y la consolidaci\u00f3n de la respuesta humanitaria en el escenario internacional.<\/p>\n\n\n\n<figure class=\"wp-block-embed is-type-video is-provider-youtube wp-block-embed-youtube wp-embed-aspect-16-9 wp-has-aspect-ratio\"><div class=\"wp-block-embed__wrapper\">\nhttps:\/\/youtu.be\/HXKGPJpTsGg?si=SgvK_zj90oEB3PY1\n<\/div><\/figure>\n\n\n\n<h3 class=\"wp-block-heading\" id=\"h-principales-actuaciones-de-la-fmhi-en-2023\">Principales actuaciones de la FMHI en 2023:<\/h3>\n\n\n\n<p><strong><a href=\"https:\/\/www.missoeshumanitarias.org\/missao-angola\/\">Misi\u00f3n Humanitaria en Angola<\/a>:<\/strong>\u00a0 Las acciones se enfocaron en la sustentabilidad y mejora continua de la calidad de vida de los ni\u00f1os, j\u00f3venes, educadores y colaboradores de la \u201cCasa de la Infancia Santa Isabel\u201d.<\/p>\n\n\n\n<p><strong><a href=\"https:\/\/www.missoeshumanitarias.org\/es\/mision-roraima\/\">Misi\u00f3n Humanitaria en Roraima<\/a>:<\/strong>\u00a0A trav\u00e9s del Centro Cultural y de Formaci\u00f3n Ind\u00edgena (CCFI) ubicado en la ciudad de Boa Vista, en el norte de Brasil, los esfuerzos se centraron en garantizar el respeto de los derechos humanos de los ind\u00edgenas provenientes de Venezuela, Guyana y Brasil. Las actividades incluyeron capacitaciones para el desarrollo de habilidades humanas y t\u00e9cnicas que les permita la inserci\u00f3n en el mundo laboral y la conquista de la autonom\u00eda.<\/p>\n\n\n\n<p><strong><a href=\"https:\/\/www.missoeshumanitarias.org\/es\/mision-polonia-humanitaria\/\">Misi\u00f3n Humanitaria en Polonia<\/a>:\u00a0<\/strong>Los servidores humanitarios de la FMHI brindaron capacitaci\u00f3n sobre el Manual Esfera en Europa del Este. Esta preparaci\u00f3n estuvo dirigida a servidores humanitarios de diversas organizaciones que trabajan en la respuesta humanitaria del conflicto en Ucrania.<\/p>\n\n\n\n<p><strong><a href=\"https:\/\/www.missoeshumanitarias.org\/es\/mision-turquia\/\">Misi\u00f3n Humanitaria en Turqu\u00eda<\/a>:<\/strong>\u00a0 trabajo colaborativo con organizaciones locales para proporcionar asistencia humanitaria esencial ante el devastador terremoto. Se implementaron actividades de arte-educaci\u00f3n en refugios y se brind\u00f3 apoyo a veterinarios para la atenci\u00f3n de animales afectados.<\/p>\n\n\n\n<p><strong><a href=\"https:\/\/www.missoeshumanitarias.org\/es\/sectores-de-intervencion\/\">Educaci\u00f3n en Situaciones de Emergencia<\/a>:\u00a0<\/strong>El Sector de Educaci\u00f3n en Situaciones de Emergencia y Respuestas Humanitarias desarroll\u00f3 un Plan Conjunto en colaboraci\u00f3n con la Red Interinstitucional para Educaci\u00f3n en Situaciones de Emergencia (INEE). Este plan se implement\u00f3 a trav\u00e9s de laboratorios y talleres que unieron a educadores de Brasil, Portugal y Angola en una experiencia \u00fanica para la superaci\u00f3n del trauma.<\/p>\n\n\n\n<h3 class=\"wp-block-heading\" id=\"h-juntos-por-un-futuro-mas-fraterno\">Juntos por un futuro m\u00e1s fraterno<\/h3>\n\n\n\n<p>Con gratitud y esperanza, la&nbsp;<a href=\"https:\/\/www.missoeshumanitarias.org\/es\/\" target=\"_blank\" rel=\"noreferrer noopener\">Fraternidad \u2013 MisionesHumanitarias (FMHI)<\/a>&nbsp;renueva su compromiso para este nuevo a\u00f1o. Sin duda, el trabajo colectivo fue indispensable para la efectividad de todas las acciones desarrolladas en el 2023, y seguir\u00e1 siendo esencial para construir, en uni\u00f3n, un futuro m\u00e1s solidario y sostenible. \u00a1Contamos con su apoyo en este nuevo ciclo!<\/p>\n\n\n\n<figure class=\"wp-block-image size-large\"><img fetchpriority=\"high\" decoding=\"async\" width=\"1024\" height=\"636\" src=\"https:\/\/www.missoeshumanitarias.org\/wp-content\/uploads\/2024\/02\/retrospectiva-FMHI-2023-1024x636.jpeg\" alt=\"Retrospectiva FMHI 2023\" class=\"wp-image-152688\" srcset=\"https:\/\/www.missoeshumanitarias.org\/wp-content\/uploads\/2024\/02\/retrospectiva-FMHI-2023-1024x636.jpeg 1024w, https:\/\/www.missoeshumanitarias.org\/wp-content\/uploads\/2024\/02\/retrospectiva-FMHI-2023-300x186.jpeg 300w, https:\/\/www.missoeshumanitarias.org\/wp-content\/uploads\/2024\/02\/retrospectiva-FMHI-2023-768x477.jpeg 768w, https:\/\/www.missoeshumanitarias.org\/wp-content\/uploads\/2024\/02\/retrospectiva-FMHI-2023.jpeg 1306w\" sizes=\"(max-width: 1024px) 100vw, 1024px\" \/><\/figure>\n","protected":false},"excerpt":{"rendered":"<p>En medio de las adversidades y de los desaf\u00edos globales del 2023, la Fraternidad \u2013 Misiones Humanitarias Internacionales (FMHI) demostr\u00f3 nuevamente su compromiso irrevocable con la solidaridad y la ayuda humanitaria. As\u00ed, a lo largo del a\u00f1o, la organizaci\u00f3n mantuvo y renov\u00f3 antiguas sociedades, as\u00ed como estableci\u00f3 nuevas alianzas para continuar construyendo puentes hacia un [&hellip;]<\/p>\n","protected":false},"author":11,"featured_media":152691,"comment_status":"closed","ping_status":"closed","sticky":false,"template":"","format":"standard","meta":{"footnotes":""},"categories":[43,131],"tags":[194,128],"class_list":["post-152984","post","type-post","status-publish","format-standard","has-post-thumbnail","hentry","category-noticias-es","category-noticias-de-las-misiones","tag-mision-angola","tag-mision-roraima"],"featured_image_src":"https:\/\/www.missoeshumanitarias.org\/wp-content\/uploads\/2024\/02\/retrospectiva-FMHI-2023.jpeg","author_info":{"display_name":"Pedro Duca","author_link":"https:\/\/www.missoeshumanitarias.org\/es\/author\/pedro_admin\/"},"yoast_head":"<!-- This site is optimized with the Yoast SEO Premium plugin v22.5 (Yoast SEO v22.5) - https:\/\/yoast.com\/wordpress\/plugins\/seo\/ -->\n<title>Resiliencia y compromiso: El Camino de la Fraternidad \u2013 Misiones Humanitarias Internacionales en 2023&quot; - Fraternidade Miss\u00f5es Humanit\u00e1rias Internacionais<\/title>\n<meta name=\"robots\" content=\"index, follow, max-snippet:-1, max-image-preview:large, max-video-preview:-1\" \/>\n<link rel=\"canonical\" href=\"https:\/\/www.missoeshumanitarias.org\/es\/resiliencia-y-compromiso-el-camino-de-la-fraternidad-misiones-humanitarias-internacionales-en-2023\/\" \/>\n<meta property=\"og:locale\" content=\"es_ES\" \/>\n<meta property=\"og:type\" content=\"article\" \/>\n<meta property=\"og:title\" content=\"Resiliencia y compromiso: El Camino de la Fraternidad \u2013 Misiones Humanitarias Internacionales en 2023&quot;\" \/>\n<meta property=\"og:description\" content=\"En medio de las adversidades y de los desaf\u00edos globales del 2023, la Fraternidad \u2013 Misiones Humanitarias Internacionales (FMHI) demostr\u00f3 nuevamente su compromiso irrevocable con la solidaridad y la ayuda humanitaria. As\u00ed, a lo largo del a\u00f1o, la organizaci\u00f3n mantuvo y renov\u00f3 antiguas sociedades, as\u00ed como estableci\u00f3 nuevas alianzas para continuar construyendo puentes hacia un [&hellip;]\" \/>\n<meta property=\"og:url\" content=\"https:\/\/www.missoeshumanitarias.org\/es\/resiliencia-y-compromiso-el-camino-de-la-fraternidad-misiones-humanitarias-internacionales-en-2023\/\" \/>\n<meta property=\"og:site_name\" content=\"Fraternidade Miss\u00f5es Humanit\u00e1rias Internacionais\" \/>\n<meta property=\"article:published_time\" content=\"2024-02-03T17:13:26+00:00\" \/>\n<meta property=\"article:modified_time\" content=\"2024-04-07T15:02:33+00:00\" \/>\n<meta property=\"og:image\" content=\"https:\/\/www.missoeshumanitarias.org\/wp-content\/uploads\/2024\/02\/retrospectiva-FMHI-2023.jpeg\" \/>\n\t<meta property=\"og:image:width\" content=\"1306\" \/>\n\t<meta property=\"og:image:height\" content=\"811\" \/>\n\t<meta property=\"og:image:type\" content=\"image\/jpeg\" \/>\n<meta name=\"author\" content=\"Pedro Duca\" \/>\n<meta name=\"twitter:card\" content=\"summary_large_image\" \/>\n<meta name=\"twitter:label1\" content=\"Escrito por\" \/>\n\t<meta name=\"twitter:data1\" content=\"Pedro Duca\" \/>\n\t<meta name=\"twitter:label2\" content=\"Tiempo de lectura\" \/>\n\t<meta name=\"twitter:data2\" content=\"3 minutos\" \/>\n<script type=\"application\/ld+json\" class=\"yoast-schema-graph\">{\"@context\":\"https:\/\/schema.org\",\"@graph\":[{\"@type\":\"Article\",\"@id\":\"https:\/\/www.missoeshumanitarias.org\/es\/resiliencia-y-compromiso-el-camino-de-la-fraternidad-misiones-humanitarias-internacionales-en-2023\/#article\",\"isPartOf\":{\"@id\":\"https:\/\/www.missoeshumanitarias.org\/es\/resiliencia-y-compromiso-el-camino-de-la-fraternidad-misiones-humanitarias-internacionales-en-2023\/\"},\"author\":{\"name\":\"Pedro Duca\",\"@id\":\"https:\/\/www.missoeshumanitarias.org\/es\/#\/schema\/person\/7030103646ac86851022f2f911303335\"},\"headline\":\"Resiliencia y compromiso: El Camino de la Fraternidad \u2013 Misiones Humanitarias Internacionales en 2023&#8243;\",\"datePublished\":\"2024-02-03T17:13:26+00:00\",\"dateModified\":\"2024-04-07T15:02:33+00:00\",\"mainEntityOfPage\":{\"@id\":\"https:\/\/www.missoeshumanitarias.org\/es\/resiliencia-y-compromiso-el-camino-de-la-fraternidad-misiones-humanitarias-internacionales-en-2023\/\"},\"wordCount\":485,\"publisher\":{\"@id\":\"https:\/\/www.missoeshumanitarias.org\/es\/#organization\"},\"image\":{\"@id\":\"https:\/\/www.missoeshumanitarias.org\/es\/resiliencia-y-compromiso-el-camino-de-la-fraternidad-misiones-humanitarias-internacionales-en-2023\/#primaryimage\"},\"thumbnailUrl\":\"https:\/\/www.missoeshumanitarias.org\/wp-content\/uploads\/2024\/02\/retrospectiva-FMHI-2023.jpeg\",\"keywords\":[\"Misi\u00f3n Angola\",\"Misi\u00f3n Roraima\"],\"articleSection\":[\"Noticias\",\"Noticias de las Misiones\"],\"inLanguage\":\"es\"},{\"@type\":\"WebPage\",\"@id\":\"https:\/\/www.missoeshumanitarias.org\/es\/resiliencia-y-compromiso-el-camino-de-la-fraternidad-misiones-humanitarias-internacionales-en-2023\/\",\"url\":\"https:\/\/www.missoeshumanitarias.org\/es\/resiliencia-y-compromiso-el-camino-de-la-fraternidad-misiones-humanitarias-internacionales-en-2023\/\",\"name\":\"Resiliencia y compromiso: El Camino de la Fraternidad \u2013 Misiones Humanitarias Internacionales en 2023\\\" - Fraternidade Miss\u00f5es Humanit\u00e1rias Internacionais\",\"isPartOf\":{\"@id\":\"https:\/\/www.missoeshumanitarias.org\/es\/#website\"},\"primaryImageOfPage\":{\"@id\":\"https:\/\/www.missoeshumanitarias.org\/es\/resiliencia-y-compromiso-el-camino-de-la-fraternidad-misiones-humanitarias-internacionales-en-2023\/#primaryimage\"},\"image\":{\"@id\":\"https:\/\/www.missoeshumanitarias.org\/es\/resiliencia-y-compromiso-el-camino-de-la-fraternidad-misiones-humanitarias-internacionales-en-2023\/#primaryimage\"},\"thumbnailUrl\":\"https:\/\/www.missoeshumanitarias.org\/wp-content\/uploads\/2024\/02\/retrospectiva-FMHI-2023.jpeg\",\"datePublished\":\"2024-02-03T17:13:26+00:00\",\"dateModified\":\"2024-04-07T15:02:33+00:00\",\"breadcrumb\":{\"@id\":\"https:\/\/www.missoeshumanitarias.org\/es\/resiliencia-y-compromiso-el-camino-de-la-fraternidad-misiones-humanitarias-internacionales-en-2023\/#breadcrumb\"},\"inLanguage\":\"es\",\"potentialAction\":[{\"@type\":\"ReadAction\",\"target\":[\"https:\/\/www.missoeshumanitarias.org\/es\/resiliencia-y-compromiso-el-camino-de-la-fraternidad-misiones-humanitarias-internacionales-en-2023\/\"]}]},{\"@type\":\"ImageObject\",\"inLanguage\":\"es\",\"@id\":\"https:\/\/www.missoeshumanitarias.org\/es\/resiliencia-y-compromiso-el-camino-de-la-fraternidad-misiones-humanitarias-internacionales-en-2023\/#primaryimage\",\"url\":\"https:\/\/www.missoeshumanitarias.org\/wp-content\/uploads\/2024\/02\/retrospectiva-FMHI-2023.jpeg\",\"contentUrl\":\"https:\/\/www.missoeshumanitarias.org\/wp-content\/uploads\/2024\/02\/retrospectiva-FMHI-2023.jpeg\",\"width\":1306,\"height\":811,\"caption\":\"Retrospectiva FMHI 2023\"},{\"@type\":\"BreadcrumbList\",\"@id\":\"https:\/\/www.missoeshumanitarias.org\/es\/resiliencia-y-compromiso-el-camino-de-la-fraternidad-misiones-humanitarias-internacionales-en-2023\/#breadcrumb\",\"itemListElement\":[{\"@type\":\"ListItem\",\"position\":1,\"name\":\"Home\",\"item\":\"https:\/\/www.missoeshumanitarias.org\/en\/\"},{\"@type\":\"ListItem\",\"position\":2,\"name\":\"Resiliencia y compromiso: El Camino de la Fraternidad \u2013 Misiones Humanitarias Internacionales en 2023&#8243;\"}]},{\"@type\":\"WebSite\",\"@id\":\"https:\/\/www.missoeshumanitarias.org\/es\/#website\",\"url\":\"https:\/\/www.missoeshumanitarias.org\/es\/\",\"name\":\"Fraternidade Miss\u00f5es Humanit\u00e1rias Internacionais\",\"description\":\"Respostas Humanit\u00e1rias e Emerg\u00eancias\",\"publisher\":{\"@id\":\"https:\/\/www.missoeshumanitarias.org\/es\/#organization\"},\"potentialAction\":[{\"@type\":\"SearchAction\",\"target\":{\"@type\":\"EntryPoint\",\"urlTemplate\":\"https:\/\/www.missoeshumanitarias.org\/es\/?s={search_term_string}\"},\"query-input\":\"required name=search_term_string\"}],\"inLanguage\":\"es\"},{\"@type\":\"Organization\",\"@id\":\"https:\/\/www.missoeshumanitarias.org\/es\/#organization\",\"name\":\"Fraternidade - Miss\u00f5es Humanit\u00e1rias Internacionais\",\"url\":\"https:\/\/www.missoeshumanitarias.org\/es\/\",\"logo\":{\"@type\":\"ImageObject\",\"inLanguage\":\"es\",\"@id\":\"https:\/\/www.missoeshumanitarias.org\/es\/#\/schema\/logo\/image\/\",\"url\":\"https:\/\/www.missoeshumanitarias.org\/wp-content\/uploads\/2020\/05\/logo-FMHI-mg.png\",\"contentUrl\":\"https:\/\/www.missoeshumanitarias.org\/wp-content\/uploads\/2020\/05\/logo-FMHI-mg.png\",\"width\":520,\"height\":134,\"caption\":\"Fraternidade - Miss\u00f5es Humanit\u00e1rias Internacionais\"},\"image\":{\"@id\":\"https:\/\/www.missoeshumanitarias.org\/es\/#\/schema\/logo\/image\/\"}},{\"@type\":\"Person\",\"@id\":\"https:\/\/www.missoeshumanitarias.org\/es\/#\/schema\/person\/7030103646ac86851022f2f911303335\",\"name\":\"Pedro Duca\",\"image\":{\"@type\":\"ImageObject\",\"inLanguage\":\"es\",\"@id\":\"https:\/\/www.missoeshumanitarias.org\/es\/#\/schema\/person\/image\/\",\"url\":\"https:\/\/secure.gravatar.com\/avatar\/8f37b65fd0a898e39eb8356b57364c8a49e2a0098368f80d560bd4d2ddc12c2e?s=96&d=mm&r=g\",\"contentUrl\":\"https:\/\/secure.gravatar.com\/avatar\/8f37b65fd0a898e39eb8356b57364c8a49e2a0098368f80d560bd4d2ddc12c2e?s=96&d=mm&r=g\",\"caption\":\"Pedro Duca\"}}]}<\/script>\n<!-- \/ Yoast SEO Premium plugin. -->","yoast_head_json":{"title":"Resiliencia y compromiso: El Camino de la Fraternidad \u2013 Misiones Humanitarias Internacionales en 2023\" - Fraternidade Miss\u00f5es Humanit\u00e1rias Internacionais","robots":{"index":"index","follow":"follow","max-snippet":"max-snippet:-1","max-image-preview":"max-image-preview:large","max-video-preview":"max-video-preview:-1"},"canonical":"https:\/\/www.missoeshumanitarias.org\/es\/resiliencia-y-compromiso-el-camino-de-la-fraternidad-misiones-humanitarias-internacionales-en-2023\/","og_locale":"es_ES","og_type":"article","og_title":"Resiliencia y compromiso: El Camino de la Fraternidad \u2013 Misiones Humanitarias Internacionales en 2023\"","og_description":"En medio de las adversidades y de los desaf\u00edos globales del 2023, la Fraternidad \u2013 Misiones Humanitarias Internacionales (FMHI) demostr\u00f3 nuevamente su compromiso irrevocable con la solidaridad y la ayuda humanitaria. As\u00ed, a lo largo del a\u00f1o, la organizaci\u00f3n mantuvo y renov\u00f3 antiguas sociedades, as\u00ed como estableci\u00f3 nuevas alianzas para continuar construyendo puentes hacia un [&hellip;]","og_url":"https:\/\/www.missoeshumanitarias.org\/es\/resiliencia-y-compromiso-el-camino-de-la-fraternidad-misiones-humanitarias-internacionales-en-2023\/","og_site_name":"Fraternidade Miss\u00f5es Humanit\u00e1rias Internacionais","article_published_time":"2024-02-03T17:13:26+00:00","article_modified_time":"2024-04-07T15:02:33+00:00","og_image":[{"width":1306,"height":811,"url":"https:\/\/www.missoeshumanitarias.org\/wp-content\/uploads\/2024\/02\/retrospectiva-FMHI-2023.jpeg","type":"image\/jpeg"}],"author":"Pedro Duca","twitter_card":"summary_large_image","twitter_misc":{"Escrito por":"Pedro Duca","Tiempo de lectura":"3 minutos"},"schema":{"@context":"https:\/\/schema.org","@graph":[{"@type":"Article","@id":"https:\/\/www.missoeshumanitarias.org\/es\/resiliencia-y-compromiso-el-camino-de-la-fraternidad-misiones-humanitarias-internacionales-en-2023\/#article","isPartOf":{"@id":"https:\/\/www.missoeshumanitarias.org\/es\/resiliencia-y-compromiso-el-camino-de-la-fraternidad-misiones-humanitarias-internacionales-en-2023\/"},"author":{"name":"Pedro Duca","@id":"https:\/\/www.missoeshumanitarias.org\/es\/#\/schema\/person\/7030103646ac86851022f2f911303335"},"headline":"Resiliencia y compromiso: El Camino de la Fraternidad \u2013 Misiones Humanitarias Internacionales en 2023&#8243;","datePublished":"2024-02-03T17:13:26+00:00","dateModified":"2024-04-07T15:02:33+00:00","mainEntityOfPage":{"@id":"https:\/\/www.missoeshumanitarias.org\/es\/resiliencia-y-compromiso-el-camino-de-la-fraternidad-misiones-humanitarias-internacionales-en-2023\/"},"wordCount":485,"publisher":{"@id":"https:\/\/www.missoeshumanitarias.org\/es\/#organization"},"image":{"@id":"https:\/\/www.missoeshumanitarias.org\/es\/resiliencia-y-compromiso-el-camino-de-la-fraternidad-misiones-humanitarias-internacionales-en-2023\/#primaryimage"},"thumbnailUrl":"https:\/\/www.missoeshumanitarias.org\/wp-content\/uploads\/2024\/02\/retrospectiva-FMHI-2023.jpeg","keywords":["Misi\u00f3n Angola","Misi\u00f3n Roraima"],"articleSection":["Noticias","Noticias de las Misiones"],"inLanguage":"es"},{"@type":"WebPage","@id":"https:\/\/www.missoeshumanitarias.org\/es\/resiliencia-y-compromiso-el-camino-de-la-fraternidad-misiones-humanitarias-internacionales-en-2023\/","url":"https:\/\/www.missoeshumanitarias.org\/es\/resiliencia-y-compromiso-el-camino-de-la-fraternidad-misiones-humanitarias-internacionales-en-2023\/","name":"Resiliencia y compromiso: El Camino de la Fraternidad \u2013 Misiones Humanitarias Internacionales en 2023\" - Fraternidade Miss\u00f5es Humanit\u00e1rias Internacionais","isPartOf":{"@id":"https:\/\/www.missoeshumanitarias.org\/es\/#website"},"primaryImageOfPage":{"@id":"https:\/\/www.missoeshumanitarias.org\/es\/resiliencia-y-compromiso-el-camino-de-la-fraternidad-misiones-humanitarias-internacionales-en-2023\/#primaryimage"},"image":{"@id":"https:\/\/www.missoeshumanitarias.org\/es\/resiliencia-y-compromiso-el-camino-de-la-fraternidad-misiones-humanitarias-internacionales-en-2023\/#primaryimage"},"thumbnailUrl":"https:\/\/www.missoeshumanitarias.org\/wp-content\/uploads\/2024\/02\/retrospectiva-FMHI-2023.jpeg","datePublished":"2024-02-03T17:13:26+00:00","dateModified":"2024-04-07T15:02:33+00:00","breadcrumb":{"@id":"https:\/\/www.missoeshumanitarias.org\/es\/resiliencia-y-compromiso-el-camino-de-la-fraternidad-misiones-humanitarias-internacionales-en-2023\/#breadcrumb"},"inLanguage":"es","potentialAction":[{"@type":"ReadAction","target":["https:\/\/www.missoeshumanitarias.org\/es\/resiliencia-y-compromiso-el-camino-de-la-fraternidad-misiones-humanitarias-internacionales-en-2023\/"]}]},{"@type":"ImageObject","inLanguage":"es","@id":"https:\/\/www.missoeshumanitarias.org\/es\/resiliencia-y-compromiso-el-camino-de-la-fraternidad-misiones-humanitarias-internacionales-en-2023\/#primaryimage","url":"https:\/\/www.missoeshumanitarias.org\/wp-content\/uploads\/2024\/02\/retrospectiva-FMHI-2023.jpeg","contentUrl":"https:\/\/www.missoeshumanitarias.org\/wp-content\/uploads\/2024\/02\/retrospectiva-FMHI-2023.jpeg","width":1306,"height":811,"caption":"Retrospectiva FMHI 2023"},{"@type":"BreadcrumbList","@id":"https:\/\/www.missoeshumanitarias.org\/es\/resiliencia-y-compromiso-el-camino-de-la-fraternidad-misiones-humanitarias-internacionales-en-2023\/#breadcrumb","itemListElement":[{"@type":"ListItem","position":1,"name":"Home","item":"https:\/\/www.missoeshumanitarias.org\/en\/"},{"@type":"ListItem","position":2,"name":"Resiliencia y compromiso: El Camino de la Fraternidad \u2013 Misiones Humanitarias Internacionales en 2023&#8243;"}]},{"@type":"WebSite","@id":"https:\/\/www.missoeshumanitarias.org\/es\/#website","url":"https:\/\/www.missoeshumanitarias.org\/es\/","name":"Fraternidade Miss\u00f5es Humanit\u00e1rias Internacionais","description":"Respostas Humanit\u00e1rias e Emerg\u00eancias","publisher":{"@id":"https:\/\/www.missoeshumanitarias.org\/es\/#organization"},"potentialAction":[{"@type":"SearchAction","target":{"@type":"EntryPoint","urlTemplate":"https:\/\/www.missoeshumanitarias.org\/es\/?s={search_term_string}"},"query-input":"required name=search_term_string"}],"inLanguage":"es"},{"@type":"Organization","@id":"https:\/\/www.missoeshumanitarias.org\/es\/#organization","name":"Fraternidade - Miss\u00f5es Humanit\u00e1rias Internacionais","url":"https:\/\/www.missoeshumanitarias.org\/es\/","logo":{"@type":"ImageObject","inLanguage":"es","@id":"https:\/\/www.missoeshumanitarias.org\/es\/#\/schema\/logo\/image\/","url":"https:\/\/www.missoeshumanitarias.org\/wp-content\/uploads\/2020\/05\/logo-FMHI-mg.png","contentUrl":"https:\/\/www.missoeshumanitarias.org\/wp-content\/uploads\/2020\/05\/logo-FMHI-mg.png","width":520,"height":134,"caption":"Fraternidade - Miss\u00f5es Humanit\u00e1rias Internacionais"},"image":{"@id":"https:\/\/www.missoeshumanitarias.org\/es\/#\/schema\/logo\/image\/"}},{"@type":"Person","@id":"https:\/\/www.missoeshumanitarias.org\/es\/#\/schema\/person\/7030103646ac86851022f2f911303335","name":"Pedro Duca","image":{"@type":"ImageObject","inLanguage":"es","@id":"https:\/\/www.missoeshumanitarias.org\/es\/#\/schema\/person\/image\/","url":"https:\/\/secure.gravatar.com\/avatar\/8f37b65fd0a898e39eb8356b57364c8a49e2a0098368f80d560bd4d2ddc12c2e?s=96&d=mm&r=g","contentUrl":"https:\/\/secure.gravatar.com\/avatar\/8f37b65fd0a898e39eb8356b57364c8a49e2a0098368f80d560bd4d2ddc12c2e?s=96&d=mm&r=g","caption":"Pedro Duca"}}]}},"_links":{"self":[{"href":"https:\/\/www.missoeshumanitarias.org\/es\/wp-json\/wp\/v2\/posts\/152984","targetHints":{"allow":["GET"]}}],"collection":[{"href":"https:\/\/www.missoeshumanitarias.org\/es\/wp-json\/wp\/v2\/posts"}],"about":[{"href":"https:\/\/www.missoeshumanitarias.org\/es\/wp-json\/wp\/v2\/types\/post"}],"author":[{"embeddable":true,"href":"https:\/\/www.missoeshumanitarias.org\/es\/wp-json\/wp\/v2\/users\/11"}],"replies":[{"embeddable":true,"href":"https:\/\/www.missoeshumanitarias.org\/es\/wp-json\/wp\/v2\/comments?post=152984"}],"version-history":[{"count":1,"href":"https:\/\/www.missoeshumanitarias.org\/es\/wp-json\/wp\/v2\/posts\/152984\/revisions"}],"predecessor-version":[{"id":152986,"href":"https:\/\/www.missoeshumanitarias.org\/es\/wp-json\/wp\/v2\/posts\/152984\/revisions\/152986"}],"wp:featuredmedia":[{"embeddable":true,"href":"https:\/\/www.missoeshumanitarias.org\/es\/wp-json\/wp\/v2\/media\/152691"}],"wp:attachment":[{"href":"https:\/\/www.missoeshumanitarias.org\/es\/wp-json\/wp\/v2\/media?parent=152984"}],"wp:term":[{"taxonomy":"category","embeddable":true,"href":"https:\/\/www.missoeshumanitarias.org\/es\/wp-json\/wp\/v2\/categories?post=152984"},{"taxonomy":"post_tag","embeddable":true,"href":"https:\/\/www.missoeshumanitarias.org\/es\/wp-json\/wp\/v2\/tags?post=152984"}],"curies":[{"name":"wp","href":"https:\/\/api.w.org\/{rel}","templated":true}]}}