{"id":153859,"date":"2024-06-24T18:09:43","date_gmt":"2024-06-24T21:09:43","guid":{"rendered":"https:\/\/www.missoeshumanitarias.org\/?p=153859"},"modified":"2024-08-05T11:45:51","modified_gmt":"2024-08-05T14:45:51","slug":"asociacion-entre-la-fraternidad-misiones-humanitarias-fmhi-y-el-fondo-canada-impulsa-a-comunidades-indigenas-migrantes-y-refugiadas","status":"publish","type":"post","link":"https:\/\/www.missoeshumanitarias.org\/es\/asociacion-entre-la-fraternidad-misiones-humanitarias-fmhi-y-el-fondo-canada-impulsa-a-comunidades-indigenas-migrantes-y-refugiadas\/","title":{"rendered":"Asociaci\u00f3n entre la Fraternidad &#8211; Misiones Humanitarias (FMHI) y el Fondo Canad\u00e1 impulsa a comunidades ind\u00edgenas migrantes y refugiadas"},"content":{"rendered":"\n<p>La asociaci\u00f3n entre&nbsp;<a href=\"https:\/\/www.missoeshumanitarias.org\/es\/\" target=\"_blank\" rel=\"noreferrer noopener\">Fraternidad &#8211; Misiones HumanitariasInternacionales (FMHI)&nbsp;<\/a>y el Fondo Canad\u00e1 para Iniciativas Locales (CFIL), que comenz\u00f3 en agosto de 2023 y finaliz\u00f3 en febrero de 2024, tuvo como objetivo ampliar las actividades que se ven\u00edan desarrollando en el&nbsp;<a href=\"https:\/\/www.missoeshumanitarias.org\/es\/ccfi\/\" target=\"_blank\" rel=\"noreferrer noopener\">Centro Cultural y deFormaci\u00f3n Ind\u00edgena (CCFI)<\/a>&nbsp;de Boa Vista, Roraima.<\/p>\n\n\n\n<p>El proyecto ofreci\u00f3 diversos cursos de formaci\u00f3n para migrantes ind\u00edgenas, refugiados y residentes de albergues en la ciudad de Boa Vista &#8211; RR y en la Comunidad Ta&#8217;rau Paru, en Pacaraima-RR, y tuvo como objetivo central mitigar la vulnerabilidad, promover la inclusi\u00f3n social y construir oportunidades de medios de vida, con especial atenci\u00f3n a la igualdad de g\u00e9nero.<\/p>\n\n\n\n<p>La coordinadora de la&nbsp;<a href=\"https:\/\/www.missoeshumanitarias.org\/es\/mision-roraima\/\" target=\"_blank\" rel=\"noreferrer noopener\">Misi\u00f3n Roraima Humanitaria<\/a>, la hermana Maria Raquel, explica que \u00abel proyecto se desarroll\u00f3 para contribuir a la acogida de los migrantes ind\u00edgenas como sujetos de derechos y no s\u00f3lo como v\u00edctimas, as\u00ed como para apoyar la preservaci\u00f3n y el fortalecimiento intercultural y la inclusi\u00f3n socioecon\u00f3mica de las etnias atendidas por el&nbsp;<a href=\"https:\/\/www.missoeshumanitarias.org\/es\/ccfi\/\" target=\"_blank\" rel=\"noreferrer noopener\">CCFI<\/a>\u00ab.<\/p>\n\n\n\n<figure class=\"wp-block-embed is-type-video is-provider-youtube wp-block-embed-youtube wp-embed-aspect-16-9 wp-has-aspect-ratio\"><div class=\"wp-block-embed__wrapper\">\n<iframe title=\"Construindo futuros sustent\u00e1veis\" width=\"800\" height=\"450\" src=\"https:\/\/www.youtube.com\/embed\/n6sba7PDvrQ?feature=oembed\" frameborder=\"0\" allow=\"accelerometer; autoplay; clipboard-write; encrypted-media; gyroscope; picture-in-picture; web-share\" referrerpolicy=\"strict-origin-when-cross-origin\" allowfullscreen><\/iframe>\n<\/div><\/figure>\n\n\n\n<p>En este sentido, el proyecto involucr\u00f3 a aproximadamente 90 mujeres en cursos t\u00e9cnicos, as\u00ed como apoyo a emprendimientos ind\u00edgenas, con la participaci\u00f3n de 12 mujeres multiplicadoras, pudiendo llegar a otras 150 mujeres y hombres ind\u00edgenas migrantes.<\/p>\n\n\n\n<p>La propuesta de proyecto tambi\u00e9n incluy\u00f3 recursos para el seguimiento y la evaluaci\u00f3n de las actividades, la celebraci\u00f3n de grupos de debate, la evaluaci\u00f3n de objetivos e impactos, la elaboraci\u00f3n de informes y visitas a la comunidad ind\u00edgena Ta&#8217;rau Paru.<\/p>\n\n\n\n<p>M\u00f3nica William, de la comunidad ind\u00edgena Ta&#8217;rau Paru, expresa su agradecimiento por la oportunidad de participar en el Curso de Corte, Costura y Modelaje y su deseo de seguir aprendiendo, buscar cursos avanzados y convertirse en una profesional en el campo de la moda y la costura. Adem\u00e1s, subraya su objetivo de no s\u00f3lo de absorber conocimientos, sino tambi\u00e9n de \u00abense\u00f1ar a otros j\u00f3venes y mujeres, con el fin de formar una empresa y preservar la cultura trabajando en un taller de costura\u00bb.<\/p>\n\n\n\n<p><strong>Visita del embajador de Canad\u00e1<\/strong><\/p>\n\n\n\n<figure class=\"wp-block-image size-large\"><img fetchpriority=\"high\" decoding=\"async\" width=\"1024\" height=\"682\" src=\"https:\/\/www.missoeshumanitarias.org\/wp-content\/uploads\/2024\/06\/Emabaixador_Canada_FCIL_FMHI-1024x682.jpg\" alt=\"\" class=\"wp-image-153677\" srcset=\"https:\/\/www.missoeshumanitarias.org\/wp-content\/uploads\/2024\/06\/Emabaixador_Canada_FCIL_FMHI-1024x682.jpg 1024w, https:\/\/www.missoeshumanitarias.org\/wp-content\/uploads\/2024\/06\/Emabaixador_Canada_FCIL_FMHI-300x200.jpg 300w, https:\/\/www.missoeshumanitarias.org\/wp-content\/uploads\/2024\/06\/Emabaixador_Canada_FCIL_FMHI-768x512.jpg 768w, https:\/\/www.missoeshumanitarias.org\/wp-content\/uploads\/2024\/06\/Emabaixador_Canada_FCIL_FMHI.jpg 1280w\" sizes=\"(max-width: 1024px) 100vw, 1024px\" \/><\/figure>\n\n\n\n<p>El embajador de Canad\u00e1, Emmanuel Kamarianakis, visit\u00f3 el&nbsp;<a href=\"https:\/\/www.missoeshumanitarias.org\/es\/ccfi\/\" target=\"_blank\" rel=\"noreferrer noopener\">CCFI<\/a>, simbolizando el compromiso y apoyo del Fondo Canadiense para Iniciativas Locales al proyecto de formaci\u00f3n y emprendimiento dirigido a los migrantes ind\u00edgenas venezolanos, guyaneses y brasile\u00f1os atendidos en el espacio. La asociaci\u00f3n se dise\u00f1\u00f3 para fortalecer a estas comunidades ofreci\u00e9ndoles oportunidades concretas de inclusi\u00f3n social y econ\u00f3mica.<\/p>\n\n\n\n<p>Durante la visita, el embajador conoci\u00f3 un poco m\u00e1s sobre los avances del proyecto y fue presentado a los miembros de la&nbsp;<a href=\"https:\/\/www.missoeshumanitarias.org\/es\/?s=amir+\" target=\"_blank\" rel=\"noreferrer noopener\">Asociaci\u00f3n deMigrantes Ind\u00edgenas de Roraima (AMIR)&nbsp;&nbsp;<\/a>y de la marca de moda incubada en el CCFI, Tida Warao, ambas formadas por migrantes ind\u00edgenas venezolanos y beneficiarias de la asociaci\u00f3n entre la&nbsp;<a href=\"https:\/\/www.missoeshumanitarias.org\/es\/\" target=\"_blank\" rel=\"noreferrer noopener\">Fraternidad &#8211; Misiones Humanitarias (FMHI)&nbsp;<\/a>y el Fondo Canad\u00e1.<\/p>\n\n\n\n<p>Tambi\u00e9n pudo presenciar la entrega de dos mesas para revelar serigraf\u00eda a<a href=\"https:\/\/www.missoeshumanitarias.org\/es\/?s=amir+\" target=\"_blank\" rel=\"noreferrer noopener\">&nbsp;AMIR<\/a>&nbsp;por parte del equipo del CCFI.<\/p>\n\n\n\n<h3 class=\"wp-block-heading\" id=\"h-actividades-desarrolladas-gracias-a-la-asociacion\">Actividades desarrolladas gracias a la asociaci\u00f3n<\/h3>\n\n\n\n<p>La asociaci\u00f3n con el Fondo Canad\u00e1 para Iniciativas Locales (FCIL) ha dado lugar a programas que van m\u00e1s all\u00e1 del simple aprendizaje, abordando cuestiones esenciales para el desarrollo personal y profesional, incorporando orientaciones sobre el comportamiento profesional, la cultura brasile\u00f1a y habilidades para afrontar los retos del d\u00eda a d\u00eda<\/p>\n\n\n\n<p>Ane Viriato, profesora del curso de Corte y Costura, destaca la atm\u00f3sfera de alegr\u00eda de las clases, donde el intercambio de conocimientos fue m\u00e1s all\u00e1 de la ense\u00f1anza t\u00e9cnica y se vio influido por la riqueza cultural de las alumnas. \u00abLa creatividad de cada alumna est\u00e1 influenciada por su ancestralidad y enriquece a\u00fan m\u00e1s el aprendizaje. La experiencia fue gratificante, y agradezco a los alumnos por el intercambio; les deseo \u00e9xito y que puedan replicar los conocimientos adquiridos.\u00bb<\/p>\n\n\n\n<p>Este abordaje hol\u00edstico se destaca en el&nbsp;<a href=\"https:\/\/www.missoeshumanitarias.org\/es\/?s=Programa+de+forma%C3%A7%C3%A3o+continuada+\" target=\"_blank\" rel=\"noreferrer noopener\">Programa deFormaci\u00f3n Continua para el Desarrollo (PFCD)<\/a>, que moviliza competencias humanas y herramientas t\u00e9cnicas pertinentes para la vida y la inserci\u00f3n productiva en el mundo laboral, de modo que los individuos puedan alcanzar la autonom\u00eda, asumiendo responsabilidades y desempe\u00f1ando un papel protagonista en su vida personal y colectiva. En la asociaci\u00f3n con el FCIL, el programa inclu\u00eda los siguientes cursos de formaci\u00f3n<\/p>\n\n\n\n<p><br><strong>Ayudante de cocina:<\/strong><\/p>\n\n\n\n<figure class=\"wp-block-image size-large\"><img decoding=\"async\" width=\"1024\" height=\"682\" src=\"https:\/\/www.missoeshumanitarias.org\/wp-content\/uploads\/2024\/06\/Auxiliar_Cozinha_FCIL_FMHI-1024x682.jpg\" alt=\"Auxiliar de Cozinha - CCFI\" class=\"wp-image-153645\" srcset=\"https:\/\/www.missoeshumanitarias.org\/wp-content\/uploads\/2024\/06\/Auxiliar_Cozinha_FCIL_FMHI-1024x682.jpg 1024w, https:\/\/www.missoeshumanitarias.org\/wp-content\/uploads\/2024\/06\/Auxiliar_Cozinha_FCIL_FMHI-300x200.jpg 300w, https:\/\/www.missoeshumanitarias.org\/wp-content\/uploads\/2024\/06\/Auxiliar_Cozinha_FCIL_FMHI-768x512.jpg 768w, https:\/\/www.missoeshumanitarias.org\/wp-content\/uploads\/2024\/06\/Auxiliar_Cozinha_FCIL_FMHI.jpg 1280w\" sizes=\"(max-width: 1024px) 100vw, 1024px\" \/><\/figure>\n\n\n\n<p>El curso de ayudante de cocina, por ejemplo, no se limitaba a la preparaci\u00f3n de alimentos, sino que abarcaba aspectos como la vestimenta adecuada, la higiene personal y la organizaci\u00f3n del entorno. Los participantes, en su mayor\u00eda inmigrantes ind\u00edgenas de la etnia warao, adquirieron valiosos conocimientos sobre buenas pr\u00e1cticas de manipulaci\u00f3n de alimentos. Este curso, sumado al de panader\u00eda, proporciona una formaci\u00f3n integral en el \u00e1rea de la gastronom\u00eda, enriqueciendo los curr\u00edculos de los graduados.<\/p>\n\n\n\n<p><strong>Panader\u00eda<\/strong><\/p>\n\n\n\n<figure class=\"wp-block-image size-large\"><img decoding=\"async\" width=\"1024\" height=\"682\" src=\"https:\/\/www.missoeshumanitarias.org\/wp-content\/uploads\/2024\/06\/Panificacao_CCFI_FCIL_FMHI-1024x682.jpg\" alt=\"\" class=\"wp-image-153649\" srcset=\"https:\/\/www.missoeshumanitarias.org\/wp-content\/uploads\/2024\/06\/Panificacao_CCFI_FCIL_FMHI-1024x682.jpg 1024w, https:\/\/www.missoeshumanitarias.org\/wp-content\/uploads\/2024\/06\/Panificacao_CCFI_FCIL_FMHI-300x200.jpg 300w, https:\/\/www.missoeshumanitarias.org\/wp-content\/uploads\/2024\/06\/Panificacao_CCFI_FCIL_FMHI-768x512.jpg 768w, https:\/\/www.missoeshumanitarias.org\/wp-content\/uploads\/2024\/06\/Panificacao_CCFI_FCIL_FMHI.jpg 1280w\" sizes=\"(max-width: 1024px) 100vw, 1024px\" \/><\/figure>\n\n\n\n<p>El \u00e9xito de esta iniciativa, que tuvo una duraci\u00f3n de 40 horas, proporcion\u00f3 formaci\u00f3n a trav\u00e9s del&nbsp;<a href=\"https:\/\/www.missoeshumanitarias.org\/es\/?s=Macuna%C3%ADma\" target=\"_blank\" rel=\"noreferrer noopener\">Centro Educativo Macuna\u00edma<\/a>&nbsp;y culmin\u00f3 con la capacitaci\u00f3n de 12 ind\u00edgenas, prepar\u00e1ndolos para entrar en el mercado laboral y lograr la autosuficiencia.<\/p>\n\n\n\n<p>Seg\u00fan el equipo del&nbsp;<a href=\"https:\/\/www.missoeshumanitarias.org\/es\/ccfi\/\" target=\"_blank\" rel=\"noreferrer noopener\">CCFI<\/a>, la formaci\u00f3n fue un verdadero \u00e9xito \u00abdebido a toda la planificaci\u00f3n y seguimiento por parte del equipo, la atenci\u00f3n a las buenas pr\u00e1cticas en la preparaci\u00f3n de alimentos proporcionada e impartida por el facilitador y el inter\u00e9s y dedicaci\u00f3n mostrados por los participantes\u00bb.<\/p>\n\n\n\n<p><strong>Reponedor de mercader\u00eda<\/strong><\/p>\n\n\n\n<figure class=\"wp-block-image size-large\"><img loading=\"lazy\" decoding=\"async\" width=\"1024\" height=\"682\" src=\"https:\/\/www.missoeshumanitarias.org\/wp-content\/uploads\/2024\/06\/Repositor-de-Mercadoria_CCFI_FCIL_FMHI-1024x682.jpg\" alt=\"Repositor de Mercadoria - CCFI\" class=\"wp-image-153653\" srcset=\"https:\/\/www.missoeshumanitarias.org\/wp-content\/uploads\/2024\/06\/Repositor-de-Mercadoria_CCFI_FCIL_FMHI-1024x682.jpg 1024w, https:\/\/www.missoeshumanitarias.org\/wp-content\/uploads\/2024\/06\/Repositor-de-Mercadoria_CCFI_FCIL_FMHI-300x200.jpg 300w, https:\/\/www.missoeshumanitarias.org\/wp-content\/uploads\/2024\/06\/Repositor-de-Mercadoria_CCFI_FCIL_FMHI-768x512.jpg 768w, https:\/\/www.missoeshumanitarias.org\/wp-content\/uploads\/2024\/06\/Repositor-de-Mercadoria_CCFI_FCIL_FMHI.jpg 1280w\" sizes=\"(max-width: 1024px) 100vw, 1024px\" \/><\/figure>\n\n\n\n<p>Con una duraci\u00f3n de 40 horas, el curso capacit\u00f3 a 18 ind\u00edgenas de las etnias Warao, Kari\u00f1a, Taurepang, Kamarakoto y Sanum\u00e1, que, a trav\u00e9s de experiencias l\u00fadicas, te\u00f3ricas y pr\u00e1cticas, conocieron las funciones de esta profesi\u00f3n en auge en Roraima y Brasil, siendo los supermercados, hipermercados y tiendas los establecimientos con m\u00e1s vacantes de empleo.<\/p>\n\n\n\n<p><strong>Unidades Productivas y Taller de Costura<\/strong><\/p>\n\n\n\n<figure class=\"wp-block-image size-large\"><img loading=\"lazy\" decoding=\"async\" width=\"1024\" height=\"682\" src=\"https:\/\/www.missoeshumanitarias.org\/wp-content\/uploads\/2024\/06\/Unidades-Produtivas_CCFI_FCIL_FMHI-1024x682.jpg\" alt=\"\" class=\"wp-image-153682\" srcset=\"https:\/\/www.missoeshumanitarias.org\/wp-content\/uploads\/2024\/06\/Unidades-Produtivas_CCFI_FCIL_FMHI-1024x682.jpg 1024w, https:\/\/www.missoeshumanitarias.org\/wp-content\/uploads\/2024\/06\/Unidades-Produtivas_CCFI_FCIL_FMHI-300x200.jpg 300w, https:\/\/www.missoeshumanitarias.org\/wp-content\/uploads\/2024\/06\/Unidades-Produtivas_CCFI_FCIL_FMHI-768x512.jpg 768w, https:\/\/www.missoeshumanitarias.org\/wp-content\/uploads\/2024\/06\/Unidades-Produtivas_CCFI_FCIL_FMHI.jpg 1280w\" sizes=\"(max-width: 1024px) 100vw, 1024px\" \/><\/figure>\n\n\n\n<p>La comunidad ind\u00edgena Ta&#8217;rau Paru, formada por pueblos taurepangs brasile\u00f1os y venezolanos, present\u00f3 siete proyectos de desarrollo, denominados Unidades Productivas. Cinco de estos proyectos cuentan con el apoyo de la&nbsp;<a href=\"https:\/\/www.missoeshumanitarias.org\/es\/\" target=\"_blank\" rel=\"noreferrer noopener\">Fraternidad &#8211; Misiones Humanitarias (FMHI)<\/a>&nbsp;desde 2022, involucrando iniciativas como barber\u00eda, piscicultura, costura, serigraf\u00eda, artesan\u00eda y agroecolog\u00eda.<\/p>\n\n\n\n<p>El apoyo de la FCIL posibilit\u00f3 la donaci\u00f3n de m\u00e1quinas de coser semindustriales, telas, mesas de serigraf\u00eda y otros equipos que ser\u00e1n utilizados para la instalaci\u00f3n de un taller de costura, impulsando estos emprendimientos y promoviendo el desarrollo local a trav\u00e9s del empoderamiento de las mujeres ind\u00edgenas.<\/p>\n\n\n\n<p>Equipos del&nbsp;<a href=\"https:\/\/www.missoeshumanitarias.org\/es\/ccfi\/\" target=\"_blank\" rel=\"noreferrer noopener\">Centro Cultural y de Formaci\u00f3n Ind\u00edgena (CCFI)<\/a>&nbsp;y de la&nbsp;<a href=\"https:\/\/www.missoeshumanitarias.org\/?s=amir+&amp;lang=pt-br\" target=\"_blank\" rel=\"noreferrer noopener\">Asociaci\u00f3n de Migrantes Ind\u00edgenas de Roraima (AMIR)<\/a>&nbsp;visitaron la comunidad ind\u00edgena Taurepang de Ta&#8217;rau Paru y fueron recibidos con fiesta por los ind\u00edgenas que viven all\u00ed.<\/p>\n\n\n\n<p>Uno de los objetivos del proyecto es crear un taller de costura en el que participe un grupo de mujeres, as\u00ed como un punto de producci\u00f3n de ropa con pinturas serigrafiadas dirigido a los j\u00f3venes residentes de la comunidad.<\/p>\n\n\n\n<p><strong>Corte, Costura y Modelaje<\/strong><\/p>\n\n\n\n<figure class=\"wp-block-image size-large\"><img loading=\"lazy\" decoding=\"async\" width=\"1024\" height=\"682\" src=\"https:\/\/www.missoeshumanitarias.org\/wp-content\/uploads\/2024\/06\/CorteCostura-e-Modelagem_CCFI_FCIL_FMHI-1024x682.jpg\" alt=\"Corte,Costura e Modelagem_CCFI_FCIL_FMHI\" class=\"wp-image-153657\" srcset=\"https:\/\/www.missoeshumanitarias.org\/wp-content\/uploads\/2024\/06\/CorteCostura-e-Modelagem_CCFI_FCIL_FMHI-1024x682.jpg 1024w, https:\/\/www.missoeshumanitarias.org\/wp-content\/uploads\/2024\/06\/CorteCostura-e-Modelagem_CCFI_FCIL_FMHI-300x200.jpg 300w, https:\/\/www.missoeshumanitarias.org\/wp-content\/uploads\/2024\/06\/CorteCostura-e-Modelagem_CCFI_FCIL_FMHI-768x512.jpg 768w, https:\/\/www.missoeshumanitarias.org\/wp-content\/uploads\/2024\/06\/CorteCostura-e-Modelagem_CCFI_FCIL_FMHI.jpg 1280w\" sizes=\"(max-width: 1024px) 100vw, 1024px\" \/><\/figure>\n\n\n\n<p>El curso supuso un punto de inflexi\u00f3n en la vida de 12 migrantes ind\u00edgenas venezolanos de las etnias taurepang, warao y way\u00fau. Apoyan esta formaci\u00f3n las mujeres ind\u00edgenas de la marca Tida Warao, as\u00ed como el taller de costura de la comunidad ind\u00edgena Ta&#8217;rau Paru.<\/p>\n\n\n\n<p>Las mujeres participantes, cada una con sus propios anhelos, expectativas y proyectos de vida, supieron aprovechar todos los conocimientos y la dedicaci\u00f3n de la profesora del&nbsp;<a href=\"https:\/\/www.missoeshumanitarias.org\/es\/?s=Macuna%C3%ADma\" target=\"_blank\" rel=\"noreferrer noopener\">Centro Educativo Macuna\u00edma<\/a>&nbsp;para alcanzar el \u00e9xito.<\/p>\n\n\n\n<p>Con una duraci\u00f3n de 40 horas, la formaci\u00f3n incluy\u00f3 teor\u00eda, aprendizaje de puntos a mano, t\u00e9cnicas de modelado y pr\u00e1ctica con una m\u00e1quina dom\u00e9stica, lo que llev\u00f3 a las aprendices a confeccionar peque\u00f1as prendas de vestir, accesorios para el hogar y minivestimentas.<\/p>\n\n\n\n<p>El final del curso fue un desfile de mu\u00f1ecas vestidas con conocimientos, creatividad, sentimientos y una despedida.<\/p>\n\n\n\n<p><strong>Serigraf\u00eda<\/strong><\/p>\n\n\n\n<figure class=\"wp-block-image size-large\"><img loading=\"lazy\" decoding=\"async\" width=\"1024\" height=\"576\" src=\"https:\/\/www.missoeshumanitarias.org\/wp-content\/uploads\/2024\/06\/Serigrafia_CCFI_FCIL_FMHI-1024x576.jpg\" alt=\"Serigrafia CCFI_FCIL_FMHI\" class=\"wp-image-153661\" srcset=\"https:\/\/www.missoeshumanitarias.org\/wp-content\/uploads\/2024\/06\/Serigrafia_CCFI_FCIL_FMHI-1024x576.jpg 1024w, https:\/\/www.missoeshumanitarias.org\/wp-content\/uploads\/2024\/06\/Serigrafia_CCFI_FCIL_FMHI-300x169.jpg 300w, https:\/\/www.missoeshumanitarias.org\/wp-content\/uploads\/2024\/06\/Serigrafia_CCFI_FCIL_FMHI-768x432.jpg 768w, https:\/\/www.missoeshumanitarias.org\/wp-content\/uploads\/2024\/06\/Serigrafia_CCFI_FCIL_FMHI.jpg 1280w\" sizes=\"(max-width: 1024px) 100vw, 1024px\" \/><\/figure>\n\n\n\n<p>Una vez m\u00e1s, ind\u00edgenas migrantes venezolanos de las etnias Taurepang, Warao, Way\u00fau y brasile\u00f1os Macuxi y Wapixana expresaron su creatividad ancestral a trav\u00e9s de los conocimientos t\u00e9cnicos adquiridos durante el curso de serigraf\u00eda.<\/p>\n\n\n\n<p>J\u00f3venes de la Comunidad Ind\u00edgena Ta&#8217;rau Paru, de Pacaraima, Roraima, formaron parte de los participantes en el curso de 32 horas, que incluy\u00f3 conceptos, procesos, productos, consejos de mercado y la pr\u00e1ctica de elaboraci\u00f3n del molde, uso de la mesa de serigraf\u00eda, aplicaci\u00f3n de la pintura con radillos y retoque de la pintura.<\/p>\n\n\n\n<p>El instructor del curso fue un ind\u00edgena venezolano migrante voluntario con amplia experiencia tanto en el oficio como instructor.<\/p>\n\n\n\n<p><strong>Inform\u00e1tica<\/strong><\/p>\n\n\n\n<figure class=\"wp-block-image size-large is-resized\"><img loading=\"lazy\" decoding=\"async\" width=\"1024\" height=\"682\" src=\"https:\/\/www.missoeshumanitarias.org\/wp-content\/uploads\/2024\/06\/Informatica_CCFI_FCIL_FMHI-1024x682.jpg\" alt=\"Inform\u00e1tica_CCFI_FCIL_FMHI\" class=\"wp-image-153665\" style=\"width:841px;height:auto\" srcset=\"https:\/\/www.missoeshumanitarias.org\/wp-content\/uploads\/2024\/06\/Informatica_CCFI_FCIL_FMHI-1024x682.jpg 1024w, https:\/\/www.missoeshumanitarias.org\/wp-content\/uploads\/2024\/06\/Informatica_CCFI_FCIL_FMHI-300x200.jpg 300w, https:\/\/www.missoeshumanitarias.org\/wp-content\/uploads\/2024\/06\/Informatica_CCFI_FCIL_FMHI-768x512.jpg 768w, https:\/\/www.missoeshumanitarias.org\/wp-content\/uploads\/2024\/06\/Informatica_CCFI_FCIL_FMHI.jpg 1280w\" sizes=\"(max-width: 1024px) 100vw, 1024px\" \/><\/figure>\n\n\n\n<p>Los graduados del curso de inform\u00e1tica de nivel intermedio de las etnias Kari\u00f1a, Taurepang y Warao se llevan consigo algo m\u00e1s que solo conocimientos tecnol\u00f3gicos; tambi\u00e9n incorporan orientaci\u00f3n para ayudarles a superar los retos que les plantea la vida.<\/p>\n\n\n\n<p>Los conocimientos transmitidos van desde conceptos b\u00e1sicos a otros m\u00e1s complejos, como sistemas de manipulaci\u00f3n de datos, investigaci\u00f3n con buscadores del ciberespacio, uso de herramientas de dise\u00f1o y aplicaciones de presentaci\u00f3n gr\u00e1fica.<\/p>\n\n\n\n<p>El proceso de acompa\u00f1amiento humano de los aprendices, as\u00ed como su progreso en el aprendizaje, es la principal caracter\u00edstica distintiva del<a href=\"https:\/\/www.missoeshumanitarias.org\/es\/?s=Programa+de+forma%C3%A7%C3%A3o+continuada+\" target=\"_blank\" rel=\"noreferrer noopener\">&nbsp;Programa de Formaci\u00f3n Continua para el Desarrollo (PFCD)<\/a>, que se centra en la capacitaci\u00f3n de migrantes ind\u00edgenas para su inclusi\u00f3n social y econ\u00f3mica en el contexto nacional. Los cursos de inform\u00e1tica forman parte del m\u00f3dulo de LaTecnolog\u00eda del programa.<\/p>\n\n\n\n<p><strong>Portugu\u00e9s<\/strong><\/p>\n\n\n\n<figure class=\"wp-block-image size-large\"><img loading=\"lazy\" decoding=\"async\" width=\"1024\" height=\"682\" src=\"https:\/\/www.missoeshumanitarias.org\/wp-content\/uploads\/2024\/06\/Portugues_CCFI_FCIL_FMHI-1024x682.jpg\" alt=\"\" class=\"wp-image-153669\" srcset=\"https:\/\/www.missoeshumanitarias.org\/wp-content\/uploads\/2024\/06\/Portugues_CCFI_FCIL_FMHI-1024x682.jpg 1024w, https:\/\/www.missoeshumanitarias.org\/wp-content\/uploads\/2024\/06\/Portugues_CCFI_FCIL_FMHI-300x200.jpg 300w, https:\/\/www.missoeshumanitarias.org\/wp-content\/uploads\/2024\/06\/Portugues_CCFI_FCIL_FMHI-768x512.jpg 768w, https:\/\/www.missoeshumanitarias.org\/wp-content\/uploads\/2024\/06\/Portugues_CCFI_FCIL_FMHI.jpg 1280w\" sizes=\"(max-width: 1024px) 100vw, 1024px\" \/><\/figure>\n\n\n\n<p>El curso de portugu\u00e9s de nivel intermedio tuvo una duraci\u00f3n de 60 horas, con 20 participantes, y ayud\u00f3 a profundizar los conocimientos obtenidos en los cursos de portugu\u00e9s de nivel b\u00e1sico celebrados durante el a\u00f1o, en los que participaron representantes de los pueblos taurepang, warao, akawaio y way\u00fau.<\/p>\n\n\n\n<p>Aprender la lengua del pa\u00eds de acogida ayuda a forjar v\u00ednculos con la comunidad local y garantiza una inserci\u00f3n econ\u00f3mica mejor y m\u00e1s duradera en el lugar donde desean quedarse. Frente a las dificultades ling\u00fc\u00edsticas, ense\u00f1ar portugu\u00e9s a los inmigrantes es una forma de acogerlos y, al mismo tiempo, un paso importante hacia la consecuci\u00f3n de los derechos humanos.<\/p>\n\n\n\n<p>El trabajo final fue un homenaje a la uni\u00f3n de pueblos y culturas a trav\u00e9s de la interpretaci\u00f3n de una conocida canci\u00f3n del pop brasile\u00f1o, cantada en portugu\u00e9s por los propios participantes.<\/p>\n\n\n\n<p><strong>Feria Intercultural<\/strong><\/p>\n\n\n\n<figure class=\"wp-block-image size-large\"><img loading=\"lazy\" decoding=\"async\" width=\"1024\" height=\"682\" src=\"https:\/\/www.missoeshumanitarias.org\/wp-content\/uploads\/2024\/06\/Feira-Intercultural_CCFI_FCIL_FMHI-1024x682.jpg\" alt=\"\" class=\"wp-image-153673\" srcset=\"https:\/\/www.missoeshumanitarias.org\/wp-content\/uploads\/2024\/06\/Feira-Intercultural_CCFI_FCIL_FMHI-1024x682.jpg 1024w, https:\/\/www.missoeshumanitarias.org\/wp-content\/uploads\/2024\/06\/Feira-Intercultural_CCFI_FCIL_FMHI-300x200.jpg 300w, https:\/\/www.missoeshumanitarias.org\/wp-content\/uploads\/2024\/06\/Feira-Intercultural_CCFI_FCIL_FMHI-768x512.jpg 768w, https:\/\/www.missoeshumanitarias.org\/wp-content\/uploads\/2024\/06\/Feira-Intercultural_CCFI_FCIL_FMHI.jpg 1280w\" sizes=\"(max-width: 1024px) 100vw, 1024px\" \/><\/figure>\n\n\n\n<p>La edici\u00f3n navide\u00f1a de la Feria Intercultural Ind\u00edgena, celebrada el 23 de diciembre de 2023, tambi\u00e9n cont\u00f3 con el apoyo del Fondo Canadiense para Iniciativas Locales (FCIL) y tuvo como protagonista al \u00e1rbol buriti, considerado el \u00e1rbol de la vida en la cultura ind\u00edgena. Cont\u00f3 con la participaci\u00f3n de m\u00e1s de 50 expositores ind\u00edgenas de 12 etnias diferentes, en su mayor\u00eda migrantes venezolanos y guyaneses, pero tambi\u00e9n brasileros locales, que presentaron sus productos artesanales.<\/p>\n\n\n\n<p>Seg\u00fan sus organizadores, \u00abfue un evento alegre y espont\u00e1neo, marcado por la pureza y suavidad de los ni\u00f1os cantores ind\u00edgenas y el apoyo del p\u00fablico visitante, que se uni\u00f3 a las danzas y pr\u00e1cticas ancestrales ind\u00edgenas\u00bb.<\/p>\n","protected":false},"excerpt":{"rendered":"<p>La asociaci\u00f3n entre&nbsp;Fraternidad &#8211; Misiones HumanitariasInternacionales (FMHI)&nbsp;y el Fondo Canad\u00e1 para Iniciativas Locales (CFIL), que comenz\u00f3 en agosto de 2023 y finaliz\u00f3 en febrero de 2024, tuvo como objetivo ampliar las actividades que se ven\u00edan desarrollando en el&nbsp;Centro Cultural y deFormaci\u00f3n Ind\u00edgena (CCFI)&nbsp;de Boa Vista, Roraima. El proyecto ofreci\u00f3 diversos cursos de formaci\u00f3n para migrantes [&hellip;]<\/p>\n","protected":false},"author":11,"featured_media":153656,"comment_status":"closed","ping_status":"closed","sticky":false,"template":"","format":"standard","meta":{"footnotes":""},"categories":[43,131],"tags":[128],"class_list":["post-153859","post","type-post","status-publish","format-standard","has-post-thumbnail","hentry","category-noticias-es","category-noticias-de-las-misiones","tag-mision-roraima"],"featured_image_src":"https:\/\/www.missoeshumanitarias.org\/wp-content\/uploads\/2024\/06\/Repositor-de-Mercadoria_CCFI_FCIL_FMHI.jpg","author_info":{"display_name":"Pedro Duca","author_link":"https:\/\/www.missoeshumanitarias.org\/es\/author\/pedro_admin\/"},"yoast_head":"<!-- This site is optimized with the Yoast SEO Premium plugin v22.5 (Yoast SEO v22.5) - https:\/\/yoast.com\/wordpress\/plugins\/seo\/ -->\n<title>Asociaci\u00f3n entre la Fraternidad - Misiones Humanitarias (FMHI) y el Fondo Canad\u00e1 impulsa a comunidades ind\u00edgenas migrantes y refugiadas - Fraternidade Miss\u00f5es Humanit\u00e1rias Internacionais<\/title>\n<meta name=\"robots\" content=\"index, follow, max-snippet:-1, max-image-preview:large, max-video-preview:-1\" \/>\n<link rel=\"canonical\" href=\"https:\/\/www.missoeshumanitarias.org\/es\/asociacion-entre-la-fraternidad-misiones-humanitarias-fmhi-y-el-fondo-canada-impulsa-a-comunidades-indigenas-migrantes-y-refugiadas\/\" \/>\n<meta property=\"og:locale\" content=\"es_ES\" \/>\n<meta property=\"og:type\" content=\"article\" \/>\n<meta property=\"og:title\" content=\"Asociaci\u00f3n entre la Fraternidad - Misiones Humanitarias (FMHI) y el Fondo Canad\u00e1 impulsa a comunidades ind\u00edgenas migrantes y refugiadas\" \/>\n<meta property=\"og:description\" content=\"La asociaci\u00f3n entre&nbsp;Fraternidad &#8211; Misiones HumanitariasInternacionales (FMHI)&nbsp;y el Fondo Canad\u00e1 para Iniciativas Locales (CFIL), que comenz\u00f3 en agosto de 2023 y finaliz\u00f3 en febrero de 2024, tuvo como objetivo ampliar las actividades que se ven\u00edan desarrollando en el&nbsp;Centro Cultural y deFormaci\u00f3n Ind\u00edgena (CCFI)&nbsp;de Boa Vista, Roraima. El proyecto ofreci\u00f3 diversos cursos de formaci\u00f3n para migrantes [&hellip;]\" \/>\n<meta property=\"og:url\" content=\"https:\/\/www.missoeshumanitarias.org\/es\/asociacion-entre-la-fraternidad-misiones-humanitarias-fmhi-y-el-fondo-canada-impulsa-a-comunidades-indigenas-migrantes-y-refugiadas\/\" \/>\n<meta property=\"og:site_name\" content=\"Fraternidade Miss\u00f5es Humanit\u00e1rias Internacionais\" \/>\n<meta property=\"article:published_time\" content=\"2024-06-24T21:09:43+00:00\" \/>\n<meta property=\"article:modified_time\" content=\"2024-08-05T14:45:51+00:00\" \/>\n<meta property=\"og:image\" content=\"https:\/\/www.missoeshumanitarias.org\/wp-content\/uploads\/2024\/06\/Repositor-de-Mercadoria_CCFI_FCIL_FMHI.jpg\" \/>\n\t<meta property=\"og:image:width\" content=\"1280\" \/>\n\t<meta property=\"og:image:height\" content=\"853\" \/>\n\t<meta property=\"og:image:type\" content=\"image\/jpeg\" \/>\n<meta name=\"author\" content=\"Pedro Duca\" \/>\n<meta name=\"twitter:card\" content=\"summary_large_image\" \/>\n<meta name=\"twitter:label1\" content=\"Escrito por\" \/>\n\t<meta name=\"twitter:data1\" content=\"Pedro Duca\" \/>\n\t<meta name=\"twitter:label2\" content=\"Tiempo de lectura\" \/>\n\t<meta name=\"twitter:data2\" content=\"12 minutos\" \/>\n<script type=\"application\/ld+json\" class=\"yoast-schema-graph\">{\"@context\":\"https:\/\/schema.org\",\"@graph\":[{\"@type\":\"Article\",\"@id\":\"https:\/\/www.missoeshumanitarias.org\/es\/asociacion-entre-la-fraternidad-misiones-humanitarias-fmhi-y-el-fondo-canada-impulsa-a-comunidades-indigenas-migrantes-y-refugiadas\/#article\",\"isPartOf\":{\"@id\":\"https:\/\/www.missoeshumanitarias.org\/es\/asociacion-entre-la-fraternidad-misiones-humanitarias-fmhi-y-el-fondo-canada-impulsa-a-comunidades-indigenas-migrantes-y-refugiadas\/\"},\"author\":{\"name\":\"Pedro Duca\",\"@id\":\"https:\/\/www.missoeshumanitarias.org\/es\/#\/schema\/person\/7030103646ac86851022f2f911303335\"},\"headline\":\"Asociaci\u00f3n entre la Fraternidad &#8211; Misiones Humanitarias (FMHI) y el Fondo Canad\u00e1 impulsa a comunidades ind\u00edgenas migrantes y refugiadas\",\"datePublished\":\"2024-06-24T21:09:43+00:00\",\"dateModified\":\"2024-08-05T14:45:51+00:00\",\"mainEntityOfPage\":{\"@id\":\"https:\/\/www.missoeshumanitarias.org\/es\/asociacion-entre-la-fraternidad-misiones-humanitarias-fmhi-y-el-fondo-canada-impulsa-a-comunidades-indigenas-migrantes-y-refugiadas\/\"},\"wordCount\":1959,\"publisher\":{\"@id\":\"https:\/\/www.missoeshumanitarias.org\/es\/#organization\"},\"image\":{\"@id\":\"https:\/\/www.missoeshumanitarias.org\/es\/asociacion-entre-la-fraternidad-misiones-humanitarias-fmhi-y-el-fondo-canada-impulsa-a-comunidades-indigenas-migrantes-y-refugiadas\/#primaryimage\"},\"thumbnailUrl\":\"https:\/\/www.missoeshumanitarias.org\/wp-content\/uploads\/2024\/06\/Repositor-de-Mercadoria_CCFI_FCIL_FMHI.jpg\",\"keywords\":[\"Misi\u00f3n Roraima\"],\"articleSection\":[\"Noticias\",\"Noticias de las Misiones\"],\"inLanguage\":\"es\"},{\"@type\":\"WebPage\",\"@id\":\"https:\/\/www.missoeshumanitarias.org\/es\/asociacion-entre-la-fraternidad-misiones-humanitarias-fmhi-y-el-fondo-canada-impulsa-a-comunidades-indigenas-migrantes-y-refugiadas\/\",\"url\":\"https:\/\/www.missoeshumanitarias.org\/es\/asociacion-entre-la-fraternidad-misiones-humanitarias-fmhi-y-el-fondo-canada-impulsa-a-comunidades-indigenas-migrantes-y-refugiadas\/\",\"name\":\"Asociaci\u00f3n entre la Fraternidad - Misiones Humanitarias (FMHI) y el Fondo Canad\u00e1 impulsa a comunidades ind\u00edgenas migrantes y refugiadas - Fraternidade Miss\u00f5es Humanit\u00e1rias Internacionais\",\"isPartOf\":{\"@id\":\"https:\/\/www.missoeshumanitarias.org\/es\/#website\"},\"primaryImageOfPage\":{\"@id\":\"https:\/\/www.missoeshumanitarias.org\/es\/asociacion-entre-la-fraternidad-misiones-humanitarias-fmhi-y-el-fondo-canada-impulsa-a-comunidades-indigenas-migrantes-y-refugiadas\/#primaryimage\"},\"image\":{\"@id\":\"https:\/\/www.missoeshumanitarias.org\/es\/asociacion-entre-la-fraternidad-misiones-humanitarias-fmhi-y-el-fondo-canada-impulsa-a-comunidades-indigenas-migrantes-y-refugiadas\/#primaryimage\"},\"thumbnailUrl\":\"https:\/\/www.missoeshumanitarias.org\/wp-content\/uploads\/2024\/06\/Repositor-de-Mercadoria_CCFI_FCIL_FMHI.jpg\",\"datePublished\":\"2024-06-24T21:09:43+00:00\",\"dateModified\":\"2024-08-05T14:45:51+00:00\",\"breadcrumb\":{\"@id\":\"https:\/\/www.missoeshumanitarias.org\/es\/asociacion-entre-la-fraternidad-misiones-humanitarias-fmhi-y-el-fondo-canada-impulsa-a-comunidades-indigenas-migrantes-y-refugiadas\/#breadcrumb\"},\"inLanguage\":\"es\",\"potentialAction\":[{\"@type\":\"ReadAction\",\"target\":[\"https:\/\/www.missoeshumanitarias.org\/es\/asociacion-entre-la-fraternidad-misiones-humanitarias-fmhi-y-el-fondo-canada-impulsa-a-comunidades-indigenas-migrantes-y-refugiadas\/\"]}]},{\"@type\":\"ImageObject\",\"inLanguage\":\"es\",\"@id\":\"https:\/\/www.missoeshumanitarias.org\/es\/asociacion-entre-la-fraternidad-misiones-humanitarias-fmhi-y-el-fondo-canada-impulsa-a-comunidades-indigenas-migrantes-y-refugiadas\/#primaryimage\",\"url\":\"https:\/\/www.missoeshumanitarias.org\/wp-content\/uploads\/2024\/06\/Repositor-de-Mercadoria_CCFI_FCIL_FMHI.jpg\",\"contentUrl\":\"https:\/\/www.missoeshumanitarias.org\/wp-content\/uploads\/2024\/06\/Repositor-de-Mercadoria_CCFI_FCIL_FMHI.jpg\",\"width\":1280,\"height\":853,\"caption\":\"Repositor de Mercadoria - CCFI\"},{\"@type\":\"BreadcrumbList\",\"@id\":\"https:\/\/www.missoeshumanitarias.org\/es\/asociacion-entre-la-fraternidad-misiones-humanitarias-fmhi-y-el-fondo-canada-impulsa-a-comunidades-indigenas-migrantes-y-refugiadas\/#breadcrumb\",\"itemListElement\":[{\"@type\":\"ListItem\",\"position\":1,\"name\":\"Home\",\"item\":\"https:\/\/www.missoeshumanitarias.org\/en\/\"},{\"@type\":\"ListItem\",\"position\":2,\"name\":\"Asociaci\u00f3n entre la Fraternidad &#8211; Misiones Humanitarias (FMHI) y el Fondo Canad\u00e1 impulsa a comunidades ind\u00edgenas migrantes y refugiadas\"}]},{\"@type\":\"WebSite\",\"@id\":\"https:\/\/www.missoeshumanitarias.org\/es\/#website\",\"url\":\"https:\/\/www.missoeshumanitarias.org\/es\/\",\"name\":\"Fraternidade Miss\u00f5es Humanit\u00e1rias Internacionais\",\"description\":\"Respostas Humanit\u00e1rias e Emerg\u00eancias\",\"publisher\":{\"@id\":\"https:\/\/www.missoeshumanitarias.org\/es\/#organization\"},\"potentialAction\":[{\"@type\":\"SearchAction\",\"target\":{\"@type\":\"EntryPoint\",\"urlTemplate\":\"https:\/\/www.missoeshumanitarias.org\/es\/?s={search_term_string}\"},\"query-input\":\"required name=search_term_string\"}],\"inLanguage\":\"es\"},{\"@type\":\"Organization\",\"@id\":\"https:\/\/www.missoeshumanitarias.org\/es\/#organization\",\"name\":\"Fraternidade - Miss\u00f5es Humanit\u00e1rias Internacionais\",\"url\":\"https:\/\/www.missoeshumanitarias.org\/es\/\",\"logo\":{\"@type\":\"ImageObject\",\"inLanguage\":\"es\",\"@id\":\"https:\/\/www.missoeshumanitarias.org\/es\/#\/schema\/logo\/image\/\",\"url\":\"https:\/\/www.missoeshumanitarias.org\/wp-content\/uploads\/2020\/05\/logo-FMHI-mg.png\",\"contentUrl\":\"https:\/\/www.missoeshumanitarias.org\/wp-content\/uploads\/2020\/05\/logo-FMHI-mg.png\",\"width\":520,\"height\":134,\"caption\":\"Fraternidade - Miss\u00f5es Humanit\u00e1rias Internacionais\"},\"image\":{\"@id\":\"https:\/\/www.missoeshumanitarias.org\/es\/#\/schema\/logo\/image\/\"}},{\"@type\":\"Person\",\"@id\":\"https:\/\/www.missoeshumanitarias.org\/es\/#\/schema\/person\/7030103646ac86851022f2f911303335\",\"name\":\"Pedro Duca\",\"image\":{\"@type\":\"ImageObject\",\"inLanguage\":\"es\",\"@id\":\"https:\/\/www.missoeshumanitarias.org\/es\/#\/schema\/person\/image\/\",\"url\":\"https:\/\/secure.gravatar.com\/avatar\/8f37b65fd0a898e39eb8356b57364c8a49e2a0098368f80d560bd4d2ddc12c2e?s=96&d=mm&r=g\",\"contentUrl\":\"https:\/\/secure.gravatar.com\/avatar\/8f37b65fd0a898e39eb8356b57364c8a49e2a0098368f80d560bd4d2ddc12c2e?s=96&d=mm&r=g\",\"caption\":\"Pedro Duca\"}}]}<\/script>\n<!-- \/ Yoast SEO Premium plugin. -->","yoast_head_json":{"title":"Asociaci\u00f3n entre la Fraternidad - Misiones Humanitarias (FMHI) y el Fondo Canad\u00e1 impulsa a comunidades ind\u00edgenas migrantes y refugiadas - Fraternidade Miss\u00f5es Humanit\u00e1rias Internacionais","robots":{"index":"index","follow":"follow","max-snippet":"max-snippet:-1","max-image-preview":"max-image-preview:large","max-video-preview":"max-video-preview:-1"},"canonical":"https:\/\/www.missoeshumanitarias.org\/es\/asociacion-entre-la-fraternidad-misiones-humanitarias-fmhi-y-el-fondo-canada-impulsa-a-comunidades-indigenas-migrantes-y-refugiadas\/","og_locale":"es_ES","og_type":"article","og_title":"Asociaci\u00f3n entre la Fraternidad - Misiones Humanitarias (FMHI) y el Fondo Canad\u00e1 impulsa a comunidades ind\u00edgenas migrantes y refugiadas","og_description":"La asociaci\u00f3n entre&nbsp;Fraternidad &#8211; Misiones HumanitariasInternacionales (FMHI)&nbsp;y el Fondo Canad\u00e1 para Iniciativas Locales (CFIL), que comenz\u00f3 en agosto de 2023 y finaliz\u00f3 en febrero de 2024, tuvo como objetivo ampliar las actividades que se ven\u00edan desarrollando en el&nbsp;Centro Cultural y deFormaci\u00f3n Ind\u00edgena (CCFI)&nbsp;de Boa Vista, Roraima. El proyecto ofreci\u00f3 diversos cursos de formaci\u00f3n para migrantes [&hellip;]","og_url":"https:\/\/www.missoeshumanitarias.org\/es\/asociacion-entre-la-fraternidad-misiones-humanitarias-fmhi-y-el-fondo-canada-impulsa-a-comunidades-indigenas-migrantes-y-refugiadas\/","og_site_name":"Fraternidade Miss\u00f5es Humanit\u00e1rias Internacionais","article_published_time":"2024-06-24T21:09:43+00:00","article_modified_time":"2024-08-05T14:45:51+00:00","og_image":[{"width":1280,"height":853,"url":"https:\/\/www.missoeshumanitarias.org\/wp-content\/uploads\/2024\/06\/Repositor-de-Mercadoria_CCFI_FCIL_FMHI.jpg","type":"image\/jpeg"}],"author":"Pedro Duca","twitter_card":"summary_large_image","twitter_misc":{"Escrito por":"Pedro Duca","Tiempo de lectura":"12 minutos"},"schema":{"@context":"https:\/\/schema.org","@graph":[{"@type":"Article","@id":"https:\/\/www.missoeshumanitarias.org\/es\/asociacion-entre-la-fraternidad-misiones-humanitarias-fmhi-y-el-fondo-canada-impulsa-a-comunidades-indigenas-migrantes-y-refugiadas\/#article","isPartOf":{"@id":"https:\/\/www.missoeshumanitarias.org\/es\/asociacion-entre-la-fraternidad-misiones-humanitarias-fmhi-y-el-fondo-canada-impulsa-a-comunidades-indigenas-migrantes-y-refugiadas\/"},"author":{"name":"Pedro Duca","@id":"https:\/\/www.missoeshumanitarias.org\/es\/#\/schema\/person\/7030103646ac86851022f2f911303335"},"headline":"Asociaci\u00f3n entre la Fraternidad &#8211; Misiones Humanitarias (FMHI) y el Fondo Canad\u00e1 impulsa a comunidades ind\u00edgenas migrantes y refugiadas","datePublished":"2024-06-24T21:09:43+00:00","dateModified":"2024-08-05T14:45:51+00:00","mainEntityOfPage":{"@id":"https:\/\/www.missoeshumanitarias.org\/es\/asociacion-entre-la-fraternidad-misiones-humanitarias-fmhi-y-el-fondo-canada-impulsa-a-comunidades-indigenas-migrantes-y-refugiadas\/"},"wordCount":1959,"publisher":{"@id":"https:\/\/www.missoeshumanitarias.org\/es\/#organization"},"image":{"@id":"https:\/\/www.missoeshumanitarias.org\/es\/asociacion-entre-la-fraternidad-misiones-humanitarias-fmhi-y-el-fondo-canada-impulsa-a-comunidades-indigenas-migrantes-y-refugiadas\/#primaryimage"},"thumbnailUrl":"https:\/\/www.missoeshumanitarias.org\/wp-content\/uploads\/2024\/06\/Repositor-de-Mercadoria_CCFI_FCIL_FMHI.jpg","keywords":["Misi\u00f3n Roraima"],"articleSection":["Noticias","Noticias de las Misiones"],"inLanguage":"es"},{"@type":"WebPage","@id":"https:\/\/www.missoeshumanitarias.org\/es\/asociacion-entre-la-fraternidad-misiones-humanitarias-fmhi-y-el-fondo-canada-impulsa-a-comunidades-indigenas-migrantes-y-refugiadas\/","url":"https:\/\/www.missoeshumanitarias.org\/es\/asociacion-entre-la-fraternidad-misiones-humanitarias-fmhi-y-el-fondo-canada-impulsa-a-comunidades-indigenas-migrantes-y-refugiadas\/","name":"Asociaci\u00f3n entre la Fraternidad - Misiones Humanitarias (FMHI) y el Fondo Canad\u00e1 impulsa a comunidades ind\u00edgenas migrantes y refugiadas - Fraternidade Miss\u00f5es Humanit\u00e1rias Internacionais","isPartOf":{"@id":"https:\/\/www.missoeshumanitarias.org\/es\/#website"},"primaryImageOfPage":{"@id":"https:\/\/www.missoeshumanitarias.org\/es\/asociacion-entre-la-fraternidad-misiones-humanitarias-fmhi-y-el-fondo-canada-impulsa-a-comunidades-indigenas-migrantes-y-refugiadas\/#primaryimage"},"image":{"@id":"https:\/\/www.missoeshumanitarias.org\/es\/asociacion-entre-la-fraternidad-misiones-humanitarias-fmhi-y-el-fondo-canada-impulsa-a-comunidades-indigenas-migrantes-y-refugiadas\/#primaryimage"},"thumbnailUrl":"https:\/\/www.missoeshumanitarias.org\/wp-content\/uploads\/2024\/06\/Repositor-de-Mercadoria_CCFI_FCIL_FMHI.jpg","datePublished":"2024-06-24T21:09:43+00:00","dateModified":"2024-08-05T14:45:51+00:00","breadcrumb":{"@id":"https:\/\/www.missoeshumanitarias.org\/es\/asociacion-entre-la-fraternidad-misiones-humanitarias-fmhi-y-el-fondo-canada-impulsa-a-comunidades-indigenas-migrantes-y-refugiadas\/#breadcrumb"},"inLanguage":"es","potentialAction":[{"@type":"ReadAction","target":["https:\/\/www.missoeshumanitarias.org\/es\/asociacion-entre-la-fraternidad-misiones-humanitarias-fmhi-y-el-fondo-canada-impulsa-a-comunidades-indigenas-migrantes-y-refugiadas\/"]}]},{"@type":"ImageObject","inLanguage":"es","@id":"https:\/\/www.missoeshumanitarias.org\/es\/asociacion-entre-la-fraternidad-misiones-humanitarias-fmhi-y-el-fondo-canada-impulsa-a-comunidades-indigenas-migrantes-y-refugiadas\/#primaryimage","url":"https:\/\/www.missoeshumanitarias.org\/wp-content\/uploads\/2024\/06\/Repositor-de-Mercadoria_CCFI_FCIL_FMHI.jpg","contentUrl":"https:\/\/www.missoeshumanitarias.org\/wp-content\/uploads\/2024\/06\/Repositor-de-Mercadoria_CCFI_FCIL_FMHI.jpg","width":1280,"height":853,"caption":"Repositor de Mercadoria - CCFI"},{"@type":"BreadcrumbList","@id":"https:\/\/www.missoeshumanitarias.org\/es\/asociacion-entre-la-fraternidad-misiones-humanitarias-fmhi-y-el-fondo-canada-impulsa-a-comunidades-indigenas-migrantes-y-refugiadas\/#breadcrumb","itemListElement":[{"@type":"ListItem","position":1,"name":"Home","item":"https:\/\/www.missoeshumanitarias.org\/en\/"},{"@type":"ListItem","position":2,"name":"Asociaci\u00f3n entre la Fraternidad &#8211; Misiones Humanitarias (FMHI) y el Fondo Canad\u00e1 impulsa a comunidades ind\u00edgenas migrantes y refugiadas"}]},{"@type":"WebSite","@id":"https:\/\/www.missoeshumanitarias.org\/es\/#website","url":"https:\/\/www.missoeshumanitarias.org\/es\/","name":"Fraternidade Miss\u00f5es Humanit\u00e1rias Internacionais","description":"Respostas Humanit\u00e1rias e Emerg\u00eancias","publisher":{"@id":"https:\/\/www.missoeshumanitarias.org\/es\/#organization"},"potentialAction":[{"@type":"SearchAction","target":{"@type":"EntryPoint","urlTemplate":"https:\/\/www.missoeshumanitarias.org\/es\/?s={search_term_string}"},"query-input":"required name=search_term_string"}],"inLanguage":"es"},{"@type":"Organization","@id":"https:\/\/www.missoeshumanitarias.org\/es\/#organization","name":"Fraternidade - Miss\u00f5es Humanit\u00e1rias Internacionais","url":"https:\/\/www.missoeshumanitarias.org\/es\/","logo":{"@type":"ImageObject","inLanguage":"es","@id":"https:\/\/www.missoeshumanitarias.org\/es\/#\/schema\/logo\/image\/","url":"https:\/\/www.missoeshumanitarias.org\/wp-content\/uploads\/2020\/05\/logo-FMHI-mg.png","contentUrl":"https:\/\/www.missoeshumanitarias.org\/wp-content\/uploads\/2020\/05\/logo-FMHI-mg.png","width":520,"height":134,"caption":"Fraternidade - Miss\u00f5es Humanit\u00e1rias Internacionais"},"image":{"@id":"https:\/\/www.missoeshumanitarias.org\/es\/#\/schema\/logo\/image\/"}},{"@type":"Person","@id":"https:\/\/www.missoeshumanitarias.org\/es\/#\/schema\/person\/7030103646ac86851022f2f911303335","name":"Pedro Duca","image":{"@type":"ImageObject","inLanguage":"es","@id":"https:\/\/www.missoeshumanitarias.org\/es\/#\/schema\/person\/image\/","url":"https:\/\/secure.gravatar.com\/avatar\/8f37b65fd0a898e39eb8356b57364c8a49e2a0098368f80d560bd4d2ddc12c2e?s=96&d=mm&r=g","contentUrl":"https:\/\/secure.gravatar.com\/avatar\/8f37b65fd0a898e39eb8356b57364c8a49e2a0098368f80d560bd4d2ddc12c2e?s=96&d=mm&r=g","caption":"Pedro Duca"}}]}},"_links":{"self":[{"href":"https:\/\/www.missoeshumanitarias.org\/es\/wp-json\/wp\/v2\/posts\/153859","targetHints":{"allow":["GET"]}}],"collection":[{"href":"https:\/\/www.missoeshumanitarias.org\/es\/wp-json\/wp\/v2\/posts"}],"about":[{"href":"https:\/\/www.missoeshumanitarias.org\/es\/wp-json\/wp\/v2\/types\/post"}],"author":[{"embeddable":true,"href":"https:\/\/www.missoeshumanitarias.org\/es\/wp-json\/wp\/v2\/users\/11"}],"replies":[{"embeddable":true,"href":"https:\/\/www.missoeshumanitarias.org\/es\/wp-json\/wp\/v2\/comments?post=153859"}],"version-history":[{"count":1,"href":"https:\/\/www.missoeshumanitarias.org\/es\/wp-json\/wp\/v2\/posts\/153859\/revisions"}],"predecessor-version":[{"id":153861,"href":"https:\/\/www.missoeshumanitarias.org\/es\/wp-json\/wp\/v2\/posts\/153859\/revisions\/153861"}],"wp:featuredmedia":[{"embeddable":true,"href":"https:\/\/www.missoeshumanitarias.org\/es\/wp-json\/wp\/v2\/media\/153656"}],"wp:attachment":[{"href":"https:\/\/www.missoeshumanitarias.org\/es\/wp-json\/wp\/v2\/media?parent=153859"}],"wp:term":[{"taxonomy":"category","embeddable":true,"href":"https:\/\/www.missoeshumanitarias.org\/es\/wp-json\/wp\/v2\/categories?post=153859"},{"taxonomy":"post_tag","embeddable":true,"href":"https:\/\/www.missoeshumanitarias.org\/es\/wp-json\/wp\/v2\/tags?post=153859"}],"curies":[{"name":"wp","href":"https:\/\/api.w.org\/{rel}","templated":true}]}}