{"id":153865,"date":"2024-05-23T19:16:19","date_gmt":"2024-05-23T22:16:19","guid":{"rendered":"https:\/\/www.missoeshumanitarias.org\/?p=153865"},"modified":"2024-08-05T11:55:18","modified_gmt":"2024-08-05T14:55:18","slug":"construir-un-futuro-resiliente","status":"publish","type":"post","link":"https:\/\/www.missoeshumanitarias.org\/es\/construir-un-futuro-resiliente\/","title":{"rendered":"Construir un futuro Resiliente"},"content":{"rendered":"\n<p>Una vez m\u00e1s, la Universidad Jean Piaget de Angola acogi\u00f3 un evento transformador: el segundo Curso de\u00a0<a href=\"https:\/\/www.missoeshumanitarias.org\/es\/equipo-de-la-fraternidad-misiones-humanitarias-fmhi-imparte-capacitacion-en-la-universidad-jean-piaget-de-angola\/\" target=\"_blank\" rel=\"noreferrer noopener\">Educaci\u00f3n Orientada a la Superaci\u00f3ndel Trauma,<\/a>\u00a0ofrecido por el equipo de la\u00a0<a href=\"https:\/\/www.missoeshumanitarias.org\/es\/\" target=\"_blank\" rel=\"noreferrer noopener\">Fraternidad &#8211; Misiones HumanitariasInternacionales (FMHI).<\/a><\/p>\n\n\n\n<p>Durante cinco d\u00edas, m\u00e1s de 50 estudiantes del cuarto a\u00f1o de Psicolog\u00eda se sumergieron en un enriquecedor proceso de aprendizaje, intercambio de experiencias y reflexi\u00f3n. Un curso con el potencial no s\u00f3lo de reforzar sus competencias profesionales, sino tambi\u00e9n de ofrecer una comprensi\u00f3n m\u00e1s profunda del trauma y de la resiliencia, representando un hito significativo en sus trayectorias acad\u00e9micas y personales.<\/p>\n\n\n\n<figure class=\"wp-block-embed is-type-video is-provider-youtube wp-block-embed-youtube wp-embed-aspect-16-9 wp-has-aspect-ratio\"><div class=\"wp-block-embed__wrapper\">\n<iframe title=\"Curso de Educa\u00e7\u00e3o Orientada \u00e0 Supera\u00e7\u00e3o do Trauma\" width=\"800\" height=\"450\" src=\"https:\/\/www.youtube.com\/embed\/iUI0HJ5ahSc?feature=oembed\" frameborder=\"0\" allow=\"accelerometer; autoplay; clipboard-write; encrypted-media; gyroscope; picture-in-picture; web-share\" referrerpolicy=\"strict-origin-when-cross-origin\" allowfullscreen><\/iframe>\n<\/div><\/figure>\n\n\n\n<h3 class=\"wp-block-heading\" id=\"h-perspectivas-y-aprendizaje\">Perspectivas y aprendizaje:<\/h3>\n\n\n\n<p>Anderson Santiago, servidor voluntario humanitario de la&nbsp;<a href=\"https:\/\/www.missoeshumanitarias.org\/es\/\" target=\"_blank\" rel=\"noreferrer noopener\">Fraternidad &#8211; Misiones Humanitarias (FMHI)<\/a>, destac\u00f3 la importancia de este curso como una oportunidad para aprender y compartir conocimientos. Para \u00e9l, como para los estudiantes, este curso es una oportunidad \u00fanica para adquirir nuevas herramientas y habilidades.<\/p>\n\n\n\n<p>El Dr. Mauro Matias, coordinador de la Oficina de Apoyo al Estudiante de Psicolog\u00eda, destac\u00f3 la importancia de esta formaci\u00f3n para enriquecer los conocimientos cient\u00edficos de los estudiantes. Seg\u00fan \u00e9l, esto les permitir\u00e1 abordar con mayor eficacia los retos diarios de su futura pr\u00e1ctica cl\u00ednica.<\/p>\n\n\n\n<figure class=\"wp-block-gallery has-nested-images columns-default is-cropped wp-block-gallery-1 is-layout-flex wp-block-gallery-is-layout-flex\">\n<figure class=\"wp-block-image size-full\"><img fetchpriority=\"high\" decoding=\"async\" width=\"1280\" height=\"720\" data-id=\"153542\" src=\"https:\/\/www.missoeshumanitarias.org\/wp-content\/uploads\/2024\/05\/Educacao_Emergencia_Trauma_Piaget_FMHI_5.jpg\" alt=\"\" class=\"wp-image-153542\"\/><\/figure>\n\n\n\n<figure class=\"wp-block-image size-large\"><img decoding=\"async\" width=\"1280\" height=\"720\" data-id=\"153543\" src=\"https:\/\/www.missoeshumanitarias.org\/wp-content\/uploads\/2024\/05\/Educacao_Emergencia_Trauma_Piaget_FMHI_1.jpg\" alt=\"\" class=\"wp-image-153543\"\/><\/figure>\n<\/figure>\n\n\n\n<h3 class=\"wp-block-heading\" id=\"h-la-transformacion-personal-como-punto-de-partida\">La transformaci\u00f3n personal como punto de partida<\/h3>\n\n\n\n<p>Los mismos estudiantes tambi\u00e9n compartieron sus experiencias y reflexiones.<\/p>\n\n\n\n<p>Jeremias Emanuel Andr\u00e9 destac\u00f3 c\u00f3mo esta formaci\u00f3n les ayuda a curarse a s\u00ed mismos para poder ayudar a otras personas. Lurdes Samba Muacatongue expres\u00f3 c\u00f3mo el curso les permiti\u00f3 entrar en contacto con partes de s\u00ed mismos que hab\u00edan olvidadas, y c\u00f3mo esta experiencia est\u00e1 dejando una huella positiva en sus vidas.<\/p>\n\n\n\n<p>La din\u00e1mica del curso, seg\u00fan Cassimiro Celina, fue fundamental. Adem\u00e1s de la teor\u00eda, las pr\u00e1cticas y din\u00e1micas les ense\u00f1aron a no tener miedo a equivocarse y a expresar libremente sus pensamientos y sentimientos.<\/p>\n\n\n\n<figure class=\"wp-block-gallery has-nested-images columns-default is-cropped wp-block-gallery-2 is-layout-flex wp-block-gallery-is-layout-flex\">\n<figure class=\"wp-block-image size-large\"><img decoding=\"async\" width=\"1061\" height=\"720\" data-id=\"153547\" src=\"https:\/\/www.missoeshumanitarias.org\/wp-content\/uploads\/2024\/05\/Educacao_Emergencia_Trauma_Piaget_FMHI_7.jpg\" alt=\"\" class=\"wp-image-153547\"\/><\/figure>\n\n\n\n<figure class=\"wp-block-image size-large\"><img loading=\"lazy\" decoding=\"async\" width=\"960\" height=\"1280\" data-id=\"153551\" src=\"https:\/\/www.missoeshumanitarias.org\/wp-content\/uploads\/2024\/05\/Educacao_Emergencia_Trauma_Piaget_FMHI_2.jpg\" alt=\"\" class=\"wp-image-153551\"\/><\/figure>\n<\/figure>\n\n\n\n<h3 class=\"wp-block-heading\" id=\"h-impacto-y-continuidad\">Impacto y continuidad<\/h3>\n\n\n\n<p>F\u00e1tima Cavalcante, servidora humanitaria de<a href=\"https:\/\/www.missoeshumanitarias.org\/es\/\" target=\"_blank\" rel=\"noreferrer noopener\">&nbsp;Fraternidad -Misiones Humanitarias (FMHI)<\/a>, se\u00f1al\u00f3 que este curso ofrece una s\u00edntesis \u00fanica de conocimientos y experiencias, proporcionando a los alumnos una visi\u00f3n general del proceso de superaci\u00f3n del trauma.<\/p>\n\n\n\n<p>Para los organizadores y participantes, este curso es m\u00e1s que una formaci\u00f3n acad\u00e9mica; es un camino hacia la transformaci\u00f3n personal y social. El Dr. Mauro Matias expres\u00f3 su deseo de continuar con estas iniciativas, consciente del impacto positivo que tienen en la comunidad.<\/p>\n\n\n\n<figure class=\"wp-block-image size-full\"><img loading=\"lazy\" decoding=\"async\" width=\"1280\" height=\"720\" src=\"https:\/\/www.missoeshumanitarias.org\/wp-content\/uploads\/2024\/05\/Educacao_Emergencia_Trauma_Piaget_FMHI_4.jpg\" alt=\"\" class=\"wp-image-153555\"\/><\/figure>\n\n\n\n<h3 class=\"wp-block-heading\" id=\"h-juntos-por-un-futuro-resilientes\">Juntos por un futuro resilientes<\/h3>\n\n\n\n<p>Resumiendo, la formaci\u00f3n en Educaci\u00f3n Orientada a la Superaci\u00f3n del Trauma est\u00e1 aportando nuevas perspectivas sobre cuestiones vitales, proporcionando a los estudiantes herramientas para afrontar los retos del futuro con resiliencia y compasi\u00f3n. Este curso representa una fruct\u00edfera colaboraci\u00f3n entre el mundo acad\u00e9mico y la sociedad civil, donde el conocimiento se vincula con la pr\u00e1ctica para abordar los retos a los que se enfrenta la sociedad angole\u00f1a.<\/p>\n\n\n\n<figure class=\"wp-block-gallery has-nested-images columns-default is-cropped wp-block-gallery-3 is-layout-flex wp-block-gallery-is-layout-flex\">\n<figure class=\"wp-block-image size-full\"><img loading=\"lazy\" decoding=\"async\" width=\"1280\" height=\"720\" data-id=\"153559\" src=\"https:\/\/www.missoeshumanitarias.org\/wp-content\/uploads\/2024\/05\/Educacao_Emergencia_Trauma_Piaget_FMHI_3.jpg\" alt=\"\" class=\"wp-image-153559\"\/><\/figure>\n\n\n\n<figure class=\"wp-block-image size-full\"><img loading=\"lazy\" decoding=\"async\" width=\"1280\" height=\"718\" data-id=\"153538\" src=\"https:\/\/www.missoeshumanitarias.org\/wp-content\/uploads\/2024\/05\/Educacao_Emergencia_Trauma_Piaget_FMHI_6.jpg\" alt=\"\" class=\"wp-image-153538\"\/><\/figure>\n<\/figure>\n","protected":false},"excerpt":{"rendered":"<p>Una vez m\u00e1s, la Universidad Jean Piaget de Angola acogi\u00f3 un evento transformador: el segundo Curso de\u00a0Educaci\u00f3n Orientada a la Superaci\u00f3ndel Trauma,\u00a0ofrecido por el equipo de la\u00a0Fraternidad &#8211; Misiones HumanitariasInternacionales (FMHI). Durante cinco d\u00edas, m\u00e1s de 50 estudiantes del cuarto a\u00f1o de Psicolog\u00eda se sumergieron en un enriquecedor proceso de aprendizaje, intercambio de experiencias y [&hellip;]<\/p>\n","protected":false},"author":11,"featured_media":153538,"comment_status":"closed","ping_status":"closed","sticky":false,"template":"","format":"standard","meta":{"footnotes":""},"categories":[43,131],"tags":[194],"class_list":["post-153865","post","type-post","status-publish","format-standard","has-post-thumbnail","hentry","category-noticias-es","category-noticias-de-las-misiones","tag-mision-angola"],"featured_image_src":"https:\/\/www.missoeshumanitarias.org\/wp-content\/uploads\/2024\/05\/Educacao_Emergencia_Trauma_Piaget_FMHI_6.jpg","author_info":{"display_name":"Pedro Duca","author_link":"https:\/\/www.missoeshumanitarias.org\/es\/author\/pedro_admin\/"},"yoast_head":"<!-- This site is optimized with the Yoast SEO Premium plugin v22.5 (Yoast SEO v22.5) - https:\/\/yoast.com\/wordpress\/plugins\/seo\/ -->\n<title>Construir un futuro Resiliente - Fraternidade Miss\u00f5es Humanit\u00e1rias Internacionais<\/title>\n<meta name=\"robots\" content=\"index, follow, max-snippet:-1, max-image-preview:large, max-video-preview:-1\" \/>\n<link rel=\"canonical\" href=\"https:\/\/www.missoeshumanitarias.org\/es\/construir-un-futuro-resiliente\/\" \/>\n<meta property=\"og:locale\" content=\"es_ES\" \/>\n<meta property=\"og:type\" content=\"article\" \/>\n<meta property=\"og:title\" content=\"Construir un futuro Resiliente\" \/>\n<meta property=\"og:description\" content=\"Una vez m\u00e1s, la Universidad Jean Piaget de Angola acogi\u00f3 un evento transformador: el segundo Curso de\u00a0Educaci\u00f3n Orientada a la Superaci\u00f3ndel Trauma,\u00a0ofrecido por el equipo de la\u00a0Fraternidad &#8211; Misiones HumanitariasInternacionales (FMHI). Durante cinco d\u00edas, m\u00e1s de 50 estudiantes del cuarto a\u00f1o de Psicolog\u00eda se sumergieron en un enriquecedor proceso de aprendizaje, intercambio de experiencias y [&hellip;]\" \/>\n<meta property=\"og:url\" content=\"https:\/\/www.missoeshumanitarias.org\/es\/construir-un-futuro-resiliente\/\" \/>\n<meta property=\"og:site_name\" content=\"Fraternidade Miss\u00f5es Humanit\u00e1rias Internacionais\" \/>\n<meta property=\"article:published_time\" content=\"2024-05-23T22:16:19+00:00\" \/>\n<meta property=\"article:modified_time\" content=\"2024-08-05T14:55:18+00:00\" \/>\n<meta property=\"og:image\" content=\"https:\/\/www.missoeshumanitarias.org\/wp-content\/uploads\/2024\/05\/Educacao_Emergencia_Trauma_Piaget_FMHI_6.jpg\" \/>\n\t<meta property=\"og:image:width\" content=\"1280\" \/>\n\t<meta property=\"og:image:height\" content=\"718\" \/>\n\t<meta property=\"og:image:type\" content=\"image\/jpeg\" \/>\n<meta name=\"author\" content=\"Pedro Duca\" \/>\n<meta name=\"twitter:card\" content=\"summary_large_image\" \/>\n<meta name=\"twitter:label1\" content=\"Escrito por\" \/>\n\t<meta name=\"twitter:data1\" content=\"Pedro Duca\" \/>\n\t<meta name=\"twitter:label2\" content=\"Tiempo de lectura\" \/>\n\t<meta name=\"twitter:data2\" content=\"5 minutos\" \/>\n<script type=\"application\/ld+json\" class=\"yoast-schema-graph\">{\"@context\":\"https:\/\/schema.org\",\"@graph\":[{\"@type\":\"Article\",\"@id\":\"https:\/\/www.missoeshumanitarias.org\/es\/construir-un-futuro-resiliente\/#article\",\"isPartOf\":{\"@id\":\"https:\/\/www.missoeshumanitarias.org\/es\/construir-un-futuro-resiliente\/\"},\"author\":{\"name\":\"Pedro Duca\",\"@id\":\"https:\/\/www.missoeshumanitarias.org\/es\/#\/schema\/person\/7030103646ac86851022f2f911303335\"},\"headline\":\"Construir un futuro Resiliente\",\"datePublished\":\"2024-05-23T22:16:19+00:00\",\"dateModified\":\"2024-08-05T14:55:18+00:00\",\"mainEntityOfPage\":{\"@id\":\"https:\/\/www.missoeshumanitarias.org\/es\/construir-un-futuro-resiliente\/\"},\"wordCount\":506,\"publisher\":{\"@id\":\"https:\/\/www.missoeshumanitarias.org\/es\/#organization\"},\"image\":{\"@id\":\"https:\/\/www.missoeshumanitarias.org\/es\/construir-un-futuro-resiliente\/#primaryimage\"},\"thumbnailUrl\":\"https:\/\/www.missoeshumanitarias.org\/wp-content\/uploads\/2024\/05\/Educacao_Emergencia_Trauma_Piaget_FMHI_6.jpg\",\"keywords\":[\"Misi\u00f3n Angola\"],\"articleSection\":[\"Noticias\",\"Noticias de las Misiones\"],\"inLanguage\":\"es\"},{\"@type\":\"WebPage\",\"@id\":\"https:\/\/www.missoeshumanitarias.org\/es\/construir-un-futuro-resiliente\/\",\"url\":\"https:\/\/www.missoeshumanitarias.org\/es\/construir-un-futuro-resiliente\/\",\"name\":\"Construir un futuro Resiliente - Fraternidade Miss\u00f5es Humanit\u00e1rias Internacionais\",\"isPartOf\":{\"@id\":\"https:\/\/www.missoeshumanitarias.org\/es\/#website\"},\"primaryImageOfPage\":{\"@id\":\"https:\/\/www.missoeshumanitarias.org\/es\/construir-un-futuro-resiliente\/#primaryimage\"},\"image\":{\"@id\":\"https:\/\/www.missoeshumanitarias.org\/es\/construir-un-futuro-resiliente\/#primaryimage\"},\"thumbnailUrl\":\"https:\/\/www.missoeshumanitarias.org\/wp-content\/uploads\/2024\/05\/Educacao_Emergencia_Trauma_Piaget_FMHI_6.jpg\",\"datePublished\":\"2024-05-23T22:16:19+00:00\",\"dateModified\":\"2024-08-05T14:55:18+00:00\",\"breadcrumb\":{\"@id\":\"https:\/\/www.missoeshumanitarias.org\/es\/construir-un-futuro-resiliente\/#breadcrumb\"},\"inLanguage\":\"es\",\"potentialAction\":[{\"@type\":\"ReadAction\",\"target\":[\"https:\/\/www.missoeshumanitarias.org\/es\/construir-un-futuro-resiliente\/\"]}]},{\"@type\":\"ImageObject\",\"inLanguage\":\"es\",\"@id\":\"https:\/\/www.missoeshumanitarias.org\/es\/construir-un-futuro-resiliente\/#primaryimage\",\"url\":\"https:\/\/www.missoeshumanitarias.org\/wp-content\/uploads\/2024\/05\/Educacao_Emergencia_Trauma_Piaget_FMHI_6.jpg\",\"contentUrl\":\"https:\/\/www.missoeshumanitarias.org\/wp-content\/uploads\/2024\/05\/Educacao_Emergencia_Trauma_Piaget_FMHI_6.jpg\",\"width\":1280,\"height\":718},{\"@type\":\"BreadcrumbList\",\"@id\":\"https:\/\/www.missoeshumanitarias.org\/es\/construir-un-futuro-resiliente\/#breadcrumb\",\"itemListElement\":[{\"@type\":\"ListItem\",\"position\":1,\"name\":\"Home\",\"item\":\"https:\/\/www.missoeshumanitarias.org\/en\/\"},{\"@type\":\"ListItem\",\"position\":2,\"name\":\"Construir un futuro Resiliente\"}]},{\"@type\":\"WebSite\",\"@id\":\"https:\/\/www.missoeshumanitarias.org\/es\/#website\",\"url\":\"https:\/\/www.missoeshumanitarias.org\/es\/\",\"name\":\"Fraternidade Miss\u00f5es Humanit\u00e1rias Internacionais\",\"description\":\"Respostas Humanit\u00e1rias e Emerg\u00eancias\",\"publisher\":{\"@id\":\"https:\/\/www.missoeshumanitarias.org\/es\/#organization\"},\"potentialAction\":[{\"@type\":\"SearchAction\",\"target\":{\"@type\":\"EntryPoint\",\"urlTemplate\":\"https:\/\/www.missoeshumanitarias.org\/es\/?s={search_term_string}\"},\"query-input\":\"required name=search_term_string\"}],\"inLanguage\":\"es\"},{\"@type\":\"Organization\",\"@id\":\"https:\/\/www.missoeshumanitarias.org\/es\/#organization\",\"name\":\"Fraternidade - Miss\u00f5es Humanit\u00e1rias Internacionais\",\"url\":\"https:\/\/www.missoeshumanitarias.org\/es\/\",\"logo\":{\"@type\":\"ImageObject\",\"inLanguage\":\"es\",\"@id\":\"https:\/\/www.missoeshumanitarias.org\/es\/#\/schema\/logo\/image\/\",\"url\":\"https:\/\/www.missoeshumanitarias.org\/wp-content\/uploads\/2020\/05\/logo-FMHI-mg.png\",\"contentUrl\":\"https:\/\/www.missoeshumanitarias.org\/wp-content\/uploads\/2020\/05\/logo-FMHI-mg.png\",\"width\":520,\"height\":134,\"caption\":\"Fraternidade - Miss\u00f5es Humanit\u00e1rias Internacionais\"},\"image\":{\"@id\":\"https:\/\/www.missoeshumanitarias.org\/es\/#\/schema\/logo\/image\/\"}},{\"@type\":\"Person\",\"@id\":\"https:\/\/www.missoeshumanitarias.org\/es\/#\/schema\/person\/7030103646ac86851022f2f911303335\",\"name\":\"Pedro Duca\",\"image\":{\"@type\":\"ImageObject\",\"inLanguage\":\"es\",\"@id\":\"https:\/\/www.missoeshumanitarias.org\/es\/#\/schema\/person\/image\/\",\"url\":\"https:\/\/secure.gravatar.com\/avatar\/8f37b65fd0a898e39eb8356b57364c8a49e2a0098368f80d560bd4d2ddc12c2e?s=96&d=mm&r=g\",\"contentUrl\":\"https:\/\/secure.gravatar.com\/avatar\/8f37b65fd0a898e39eb8356b57364c8a49e2a0098368f80d560bd4d2ddc12c2e?s=96&d=mm&r=g\",\"caption\":\"Pedro Duca\"}}]}<\/script>\n<!-- \/ Yoast SEO Premium plugin. -->","yoast_head_json":{"title":"Construir un futuro Resiliente - Fraternidade Miss\u00f5es Humanit\u00e1rias Internacionais","robots":{"index":"index","follow":"follow","max-snippet":"max-snippet:-1","max-image-preview":"max-image-preview:large","max-video-preview":"max-video-preview:-1"},"canonical":"https:\/\/www.missoeshumanitarias.org\/es\/construir-un-futuro-resiliente\/","og_locale":"es_ES","og_type":"article","og_title":"Construir un futuro Resiliente","og_description":"Una vez m\u00e1s, la Universidad Jean Piaget de Angola acogi\u00f3 un evento transformador: el segundo Curso de\u00a0Educaci\u00f3n Orientada a la Superaci\u00f3ndel Trauma,\u00a0ofrecido por el equipo de la\u00a0Fraternidad &#8211; Misiones HumanitariasInternacionales (FMHI). Durante cinco d\u00edas, m\u00e1s de 50 estudiantes del cuarto a\u00f1o de Psicolog\u00eda se sumergieron en un enriquecedor proceso de aprendizaje, intercambio de experiencias y [&hellip;]","og_url":"https:\/\/www.missoeshumanitarias.org\/es\/construir-un-futuro-resiliente\/","og_site_name":"Fraternidade Miss\u00f5es Humanit\u00e1rias Internacionais","article_published_time":"2024-05-23T22:16:19+00:00","article_modified_time":"2024-08-05T14:55:18+00:00","og_image":[{"width":1280,"height":718,"url":"https:\/\/www.missoeshumanitarias.org\/wp-content\/uploads\/2024\/05\/Educacao_Emergencia_Trauma_Piaget_FMHI_6.jpg","type":"image\/jpeg"}],"author":"Pedro Duca","twitter_card":"summary_large_image","twitter_misc":{"Escrito por":"Pedro Duca","Tiempo de lectura":"5 minutos"},"schema":{"@context":"https:\/\/schema.org","@graph":[{"@type":"Article","@id":"https:\/\/www.missoeshumanitarias.org\/es\/construir-un-futuro-resiliente\/#article","isPartOf":{"@id":"https:\/\/www.missoeshumanitarias.org\/es\/construir-un-futuro-resiliente\/"},"author":{"name":"Pedro Duca","@id":"https:\/\/www.missoeshumanitarias.org\/es\/#\/schema\/person\/7030103646ac86851022f2f911303335"},"headline":"Construir un futuro Resiliente","datePublished":"2024-05-23T22:16:19+00:00","dateModified":"2024-08-05T14:55:18+00:00","mainEntityOfPage":{"@id":"https:\/\/www.missoeshumanitarias.org\/es\/construir-un-futuro-resiliente\/"},"wordCount":506,"publisher":{"@id":"https:\/\/www.missoeshumanitarias.org\/es\/#organization"},"image":{"@id":"https:\/\/www.missoeshumanitarias.org\/es\/construir-un-futuro-resiliente\/#primaryimage"},"thumbnailUrl":"https:\/\/www.missoeshumanitarias.org\/wp-content\/uploads\/2024\/05\/Educacao_Emergencia_Trauma_Piaget_FMHI_6.jpg","keywords":["Misi\u00f3n Angola"],"articleSection":["Noticias","Noticias de las Misiones"],"inLanguage":"es"},{"@type":"WebPage","@id":"https:\/\/www.missoeshumanitarias.org\/es\/construir-un-futuro-resiliente\/","url":"https:\/\/www.missoeshumanitarias.org\/es\/construir-un-futuro-resiliente\/","name":"Construir un futuro Resiliente - Fraternidade Miss\u00f5es Humanit\u00e1rias Internacionais","isPartOf":{"@id":"https:\/\/www.missoeshumanitarias.org\/es\/#website"},"primaryImageOfPage":{"@id":"https:\/\/www.missoeshumanitarias.org\/es\/construir-un-futuro-resiliente\/#primaryimage"},"image":{"@id":"https:\/\/www.missoeshumanitarias.org\/es\/construir-un-futuro-resiliente\/#primaryimage"},"thumbnailUrl":"https:\/\/www.missoeshumanitarias.org\/wp-content\/uploads\/2024\/05\/Educacao_Emergencia_Trauma_Piaget_FMHI_6.jpg","datePublished":"2024-05-23T22:16:19+00:00","dateModified":"2024-08-05T14:55:18+00:00","breadcrumb":{"@id":"https:\/\/www.missoeshumanitarias.org\/es\/construir-un-futuro-resiliente\/#breadcrumb"},"inLanguage":"es","potentialAction":[{"@type":"ReadAction","target":["https:\/\/www.missoeshumanitarias.org\/es\/construir-un-futuro-resiliente\/"]}]},{"@type":"ImageObject","inLanguage":"es","@id":"https:\/\/www.missoeshumanitarias.org\/es\/construir-un-futuro-resiliente\/#primaryimage","url":"https:\/\/www.missoeshumanitarias.org\/wp-content\/uploads\/2024\/05\/Educacao_Emergencia_Trauma_Piaget_FMHI_6.jpg","contentUrl":"https:\/\/www.missoeshumanitarias.org\/wp-content\/uploads\/2024\/05\/Educacao_Emergencia_Trauma_Piaget_FMHI_6.jpg","width":1280,"height":718},{"@type":"BreadcrumbList","@id":"https:\/\/www.missoeshumanitarias.org\/es\/construir-un-futuro-resiliente\/#breadcrumb","itemListElement":[{"@type":"ListItem","position":1,"name":"Home","item":"https:\/\/www.missoeshumanitarias.org\/en\/"},{"@type":"ListItem","position":2,"name":"Construir un futuro Resiliente"}]},{"@type":"WebSite","@id":"https:\/\/www.missoeshumanitarias.org\/es\/#website","url":"https:\/\/www.missoeshumanitarias.org\/es\/","name":"Fraternidade Miss\u00f5es Humanit\u00e1rias Internacionais","description":"Respostas Humanit\u00e1rias e Emerg\u00eancias","publisher":{"@id":"https:\/\/www.missoeshumanitarias.org\/es\/#organization"},"potentialAction":[{"@type":"SearchAction","target":{"@type":"EntryPoint","urlTemplate":"https:\/\/www.missoeshumanitarias.org\/es\/?s={search_term_string}"},"query-input":"required name=search_term_string"}],"inLanguage":"es"},{"@type":"Organization","@id":"https:\/\/www.missoeshumanitarias.org\/es\/#organization","name":"Fraternidade - Miss\u00f5es Humanit\u00e1rias Internacionais","url":"https:\/\/www.missoeshumanitarias.org\/es\/","logo":{"@type":"ImageObject","inLanguage":"es","@id":"https:\/\/www.missoeshumanitarias.org\/es\/#\/schema\/logo\/image\/","url":"https:\/\/www.missoeshumanitarias.org\/wp-content\/uploads\/2020\/05\/logo-FMHI-mg.png","contentUrl":"https:\/\/www.missoeshumanitarias.org\/wp-content\/uploads\/2020\/05\/logo-FMHI-mg.png","width":520,"height":134,"caption":"Fraternidade - Miss\u00f5es Humanit\u00e1rias Internacionais"},"image":{"@id":"https:\/\/www.missoeshumanitarias.org\/es\/#\/schema\/logo\/image\/"}},{"@type":"Person","@id":"https:\/\/www.missoeshumanitarias.org\/es\/#\/schema\/person\/7030103646ac86851022f2f911303335","name":"Pedro Duca","image":{"@type":"ImageObject","inLanguage":"es","@id":"https:\/\/www.missoeshumanitarias.org\/es\/#\/schema\/person\/image\/","url":"https:\/\/secure.gravatar.com\/avatar\/8f37b65fd0a898e39eb8356b57364c8a49e2a0098368f80d560bd4d2ddc12c2e?s=96&d=mm&r=g","contentUrl":"https:\/\/secure.gravatar.com\/avatar\/8f37b65fd0a898e39eb8356b57364c8a49e2a0098368f80d560bd4d2ddc12c2e?s=96&d=mm&r=g","caption":"Pedro Duca"}}]}},"_links":{"self":[{"href":"https:\/\/www.missoeshumanitarias.org\/es\/wp-json\/wp\/v2\/posts\/153865","targetHints":{"allow":["GET"]}}],"collection":[{"href":"https:\/\/www.missoeshumanitarias.org\/es\/wp-json\/wp\/v2\/posts"}],"about":[{"href":"https:\/\/www.missoeshumanitarias.org\/es\/wp-json\/wp\/v2\/types\/post"}],"author":[{"embeddable":true,"href":"https:\/\/www.missoeshumanitarias.org\/es\/wp-json\/wp\/v2\/users\/11"}],"replies":[{"embeddable":true,"href":"https:\/\/www.missoeshumanitarias.org\/es\/wp-json\/wp\/v2\/comments?post=153865"}],"version-history":[{"count":1,"href":"https:\/\/www.missoeshumanitarias.org\/es\/wp-json\/wp\/v2\/posts\/153865\/revisions"}],"predecessor-version":[{"id":153867,"href":"https:\/\/www.missoeshumanitarias.org\/es\/wp-json\/wp\/v2\/posts\/153865\/revisions\/153867"}],"wp:featuredmedia":[{"embeddable":true,"href":"https:\/\/www.missoeshumanitarias.org\/es\/wp-json\/wp\/v2\/media\/153538"}],"wp:attachment":[{"href":"https:\/\/www.missoeshumanitarias.org\/es\/wp-json\/wp\/v2\/media?parent=153865"}],"wp:term":[{"taxonomy":"category","embeddable":true,"href":"https:\/\/www.missoeshumanitarias.org\/es\/wp-json\/wp\/v2\/categories?post=153865"},{"taxonomy":"post_tag","embeddable":true,"href":"https:\/\/www.missoeshumanitarias.org\/es\/wp-json\/wp\/v2\/tags?post=153865"}],"curies":[{"name":"wp","href":"https:\/\/api.w.org\/{rel}","templated":true}]}}