{"id":155802,"date":"2025-05-22T20:00:31","date_gmt":"2025-05-22T23:00:31","guid":{"rendered":"https:\/\/www.missoeshumanitarias.org\/?p=155802"},"modified":"2025-08-20T09:11:17","modified_gmt":"2025-08-20T12:11:17","slug":"2a-edicion-del-curso-de-educacion-en-situaciones-de-emergencia-y-respuestas-humanitarias","status":"publish","type":"post","link":"https:\/\/www.missoeshumanitarias.org\/es\/2a-edicion-del-curso-de-educacion-en-situaciones-de-emergencia-y-respuestas-humanitarias\/","title":{"rendered":"2\u00aa Edici\u00f3n del Curso de Educaci\u00f3n en Situaciones de Emergencia y Respuestas Humanitarias"},"content":{"rendered":"\n<p>Un viaje de escucha, intercambio y construcci\u00f3n colectiva marca la 2.\u00aa Edici\u00f3n del Curso de Educaci\u00f3n en Situaciones de Emergencia y Respuestas Humanitarias que reuni\u00f3 a educadores de tres continentes para fortalecer la respuesta educativa en contextos de crisis.<\/p>\n\n\n\n<p>Promovida por la&nbsp;<a href=\"https:\/\/www.missoeshumanitarias.org\/es\/\" target=\"_blank\" rel=\"noreferrer noopener\">Fraternidad &#8211; Misiones HumanitariasInternacionales (FMHI)<\/a>&nbsp;y la&nbsp;<a href=\"https:\/\/esepf.pt\/\" target=\"_blank\" rel=\"noreferrer noopener\">Escuela Superior de Educaci\u00f3n Paula Frassinetti(ESEPF)<\/a>&nbsp;de Portugal, en colaboraci\u00f3n con la<a href=\"https:\/\/www.instagram.com\/escolaparquetibetano\/\" target=\"_blank\" rel=\"noreferrer noopener\">&nbsp;Escuela Parque Tibetano,<\/a>&nbsp;el&nbsp;<a href=\"https:\/\/www.instagram.com\/ipdae.instituto\/\" target=\"_blank\" rel=\"noreferrer noopener\">Instituto Porto-alegrense de Educaci\u00f3n Art\u00edstica (IPDAE)&nbsp;<\/a>de Brasil y la&nbsp;<a href=\"https:\/\/www.unipiaget-angola.org\/\" target=\"_blank\" rel=\"noreferrer noopener\">Universidad Jean Piaget de Angola,<\/a>&nbsp;la formaci\u00f3n concluy\u00f3 su etapa online con la participaci\u00f3n activa de estudiantes, profesores, profesionales de la educaci\u00f3n, actores p\u00fablicos, humanitarios y miembros de organizaciones de la sociedad civil de Angola, Brasil, Portugal, Mozambique y Argentina.<\/p>\n\n\n\n<p>Con 75 horas, certificaci\u00f3n europea y 3 cr\u00e9ditos ECTS, el curso amalgama excelencia acad\u00e9mica y experiencia humanitaria, preparando a profesionales para actuar con mayor consciencia, t\u00e9cnica y sensibilidad en contextos complejos como desplazamientos forzados, desastres naturales y crisis sociales. El plan de estudios articula fundamentos \u2014como los Requisitos M\u00ednimos de la INEE, la Carta Esfera y las Normas M\u00ednimas de Protecci\u00f3n de la Infancia (NMPI)\u2014 con pr\u00e1cticas educativas que atienden al&nbsp; dolor, respetan los derechos y promueven la reconstrucci\u00f3n de los v\u00ednculos.<\/p>\n\n\n\n<figure class=\"wp-block-image size-large\"><img fetchpriority=\"high\" decoding=\"async\" width=\"1024\" height=\"540\" src=\"https:\/\/www.missoeshumanitarias.org\/wp-content\/uploads\/2025\/05\/Educacao_Emergencias_FMHI_1-1024x540.jpg\" alt=\"\" class=\"wp-image-155567\" srcset=\"https:\/\/www.missoeshumanitarias.org\/wp-content\/uploads\/2025\/05\/Educacao_Emergencias_FMHI_1-1024x540.jpg 1024w, https:\/\/www.missoeshumanitarias.org\/wp-content\/uploads\/2025\/05\/Educacao_Emergencias_FMHI_1-300x158.jpg 300w, https:\/\/www.missoeshumanitarias.org\/wp-content\/uploads\/2025\/05\/Educacao_Emergencias_FMHI_1-768x405.jpg 768w, https:\/\/www.missoeshumanitarias.org\/wp-content\/uploads\/2025\/05\/Educacao_Emergencias_FMHI_1.jpg 1280w\" sizes=\"(max-width: 1024px) 100vw, 1024px\" \/><\/figure>\n\n\n\n<h3 class=\"wp-block-heading\" id=\"h-un-programa-de-formacion-en-cinco-modulos\"><strong>Un programa de formaci\u00f3n en cinco m\u00f3dulos<\/strong><\/h3>\n\n\n\n<p>A lo largo de cinco m\u00f3dulos, se invit\u00f3 a los participantes a reflexionar sobre el papel de la educaci\u00f3n en la respuesta humanitaria, profundizando en los conceptos, pr\u00e1cticas y metodolog\u00edas que sustentan una actuaci\u00f3n \u00e9tica y eficaz.<\/p>\n\n\n\n<h3 class=\"wp-block-heading\" id=\"h-modulo-1-introduccion-al-curso\">M\u00f3dulo 1 &#8211; Introducci\u00f3n al curso<\/h3>\n\n\n\n<p>El curso comenz\u00f3 con una presentaci\u00f3n de los objetivos de la formaci\u00f3n, la estructura metodol\u00f3gica y los temas centrales. M\u00e1s que un momento informativo, esta etapa promovi\u00f3 la recepci\u00f3n de los participantes, la creaci\u00f3n de v\u00ednculos y la alineaci\u00f3n de expectativas entre personas de realidades muy diferentes. Desde el principio, la propuesta pedag\u00f3gica hizo hincapi\u00e9 en la escucha activa y el trabajo colaborativo como pilares del curso.<\/p>\n\n\n\n<h3 class=\"wp-block-heading\" id=\"h-modulo-2-panorama-global-humanitario\"><strong>M\u00f3dulo 2 &#8211; Panorama Global Humanitario<\/strong><\/h3>\n\n\n\n<p>Dividido en dos sesiones, este m\u00f3dulo ofreci\u00f3 una visi\u00f3n m\u00e1s amplia del contexto internacional de las emergencias. La primera sesi\u00f3n present\u00f3 un panorama global de las crisis humanitarias, abarcando los conflictos armados, las cat\u00e1strofes naturales y los desplazamientos forzosos. La segunda reuni\u00f3n se centr\u00f3 en los pa\u00edses de la Comunidad de Pa\u00edses de Lengua Portuguesa (CPLP), explorando retos espec\u00edficos, vulnerabilidades regionales y oportunidades de acci\u00f3n conjunta, a la luz de experiencias reales vividas en Angola, Brasil y Mozambique.<\/p>\n\n\n\n<h3 class=\"wp-block-heading\" id=\"h-modulo-3-cuidar-a-los-cuidadores\"><strong>M\u00f3dulo 3 &#8211; Cuidar a los Cuidadores<\/strong><\/h3>\n\n\n\n<p>En uno de los momentos m\u00e1s delicados de la formaci\u00f3n, este m\u00f3dulo abord\u00f3 la importancia de cuidar de quien cuida. En la primera reuni\u00f3n se reflexion\u00f3 sobre la empat\u00eda, la resiliencia y el apoyo psicoemocional como pilares de la sostenibilidad en el trabajo humanitario. En la segunda reuni\u00f3n, la psicohigiene y el autocuidado se presentaron no como un lujo, sino como una necesidad fundamental. Las actividades as\u00edncronas permitieron a cada participante realizar una autoevaluaci\u00f3n y crear estrategias de cuidado personal, fundamentales para preservar la salud mental ante el sufrimiento ajeno.<\/p>\n\n\n\n<h3 class=\"wp-block-heading\" id=\"h-modulo-4-educacion-orientada-a-la-superacion-del-trauma\"><strong>M\u00f3dulo 4 &#8211; Educaci\u00f3n orientada a la superaci\u00f3n del trauma<\/strong><\/h3>\n\n\n\n<p>Con cuatro sesiones, este m\u00f3dulo profundiz\u00f3 en la psicotraumatolog\u00eda y en el papel de la educaci\u00f3n como herramienta curativa. Inicialmente, los participantes estudiaron los fundamentos del trauma psicol\u00f3gico y sus implicaciones. A continuaci\u00f3n, profundizaron en los efectos del trauma en el desarrollo infantil, las repercusiones del trauma transgeneracional y las metodolog\u00edas aplicadas a la educaci\u00f3n en contextos de emergencia. Esta etapa reforz\u00f3 la comprensi\u00f3n de que el acto educativo, cuando es sensible al trauma, puede reconstruir v\u00ednculos, restaurar el sentido de la vida y renovar la esperanza.<\/p>\n\n\n\n<figure class=\"wp-block-image size-large\"><img decoding=\"async\" width=\"1024\" height=\"577\" src=\"https:\/\/www.missoeshumanitarias.org\/wp-content\/uploads\/2025\/05\/Educacao_Emergencias_FMHI_2-1024x577.jpg\" alt=\"\" class=\"wp-image-155570\" srcset=\"https:\/\/www.missoeshumanitarias.org\/wp-content\/uploads\/2025\/05\/Educacao_Emergencias_FMHI_2-1024x577.jpg 1024w, https:\/\/www.missoeshumanitarias.org\/wp-content\/uploads\/2025\/05\/Educacao_Emergencias_FMHI_2-300x169.jpg 300w, https:\/\/www.missoeshumanitarias.org\/wp-content\/uploads\/2025\/05\/Educacao_Emergencias_FMHI_2-768x433.jpg 768w, https:\/\/www.missoeshumanitarias.org\/wp-content\/uploads\/2025\/05\/Educacao_Emergencias_FMHI_2.jpg 1280w\" sizes=\"(max-width: 1024px) 100vw, 1024px\" \/><\/figure>\n\n\n\n<h3 class=\"wp-block-heading\" id=\"h-modulo-5-principios-humanitarios-proteccion-y-requisitos-minimos-en-educacion-rme-inee\">M\u00f3dulo 5 &#8211; Principios Humanitarios, Protecci\u00f3n y Requisitos M\u00ednimos en Educaci\u00f3n (RME &#8211; INEE)<\/h3>\n\n\n\n<p>Este m\u00f3dulo, como cierre de la etapa online, cont\u00f3 con cinco encuentros y llev\u00f3 a profundizar los principales marcos normativos de la acci\u00f3n humanitaria. Present\u00f3 los principios de la arquitectura humanitaria, los fundamentos de la Carta Esfera, las Normas Humanitarias Esenciales, los protocolos de protecci\u00f3n de la infancia y los mecanismos de prevenci\u00f3n contra el abuso y la explotaci\u00f3n. En las dos \u00faltimas reuniones, la atenci\u00f3n se centr\u00f3 en las Normas M\u00ednimas de la INEE para la Educaci\u00f3n en Situaciones de Emergencia, que ofrecieron a los participantes herramientas concretas para garantizar la seguridad, la inclusi\u00f3n y la calidad educativa incluso en contextos adversos.<\/p>\n\n\n\n<h3 class=\"wp-block-heading\" id=\"h-intercambio-de-saberes-la-diversidad-como-fuerza-formativa\"><strong>Intercambio de saberes: la diversidad como fuerza formativa<\/strong><\/h3>\n\n\n\n<p>Durante las reuniones en l\u00ednea, los participantes compartieron sus experiencias vividas en zonas vulnerables de distintos lugares.&nbsp; Este intercambio, impregnado de empat\u00eda y escucha, estimul\u00f3 la construcci\u00f3n de un aprendizaje colectivo. Cuestiones tales como el impacto del trauma, los retos del desplazamiento forzoso, la sobrecarga emocional de los profesionales y los l\u00edmites de las infraestructuras educativas se debatieron a la luz de casos reales.<\/p>\n\n\n\n<p>Seg\u00fan Anderson Santiago, servidor humanitario de la&nbsp;<a href=\"https:\/\/www.missoeshumanitarias.org\/es\/\" target=\"_blank\" rel=\"noreferrer noopener\">Fraternidad-Misiones Humanitarias (FMHI)<\/a>&nbsp;y uno de los coordinadores del curso, la segunda edici\u00f3n trajo importantes actualizaciones en comparaci\u00f3n con la versi\u00f3n anterior, centr\u00e1ndose en ampliar las interacciones entre los participantes. \u00abEsto tambi\u00e9n ocurri\u00f3 a trav\u00e9s de las actividades realizadas entre un encuentro y otro, que permitieron a todos compartir sus conocimientos, dudas e inquietudes\u00bb, afirm\u00f3.<\/p>\n\n\n\n<p>Para \u00e9l, el mayor \u00e9xito de la formaci\u00f3n reside en la capacidad de reunir en un mismo espacio a personas de distintos pa\u00edses y continentes, cada una de las cuales experimenta sus propios retos y situaciones potencialmente traum\u00e1ticas. \u00abEsto trae consigo la oportunidad de un aprendizaje que trasciende las fronteras. Para m\u00ed, este es el principal \u00e9xito del curso: ampliar las conexiones entre las personas y sus diferentes contextos, demostrando que es posible encontrar caminos de unidad, caminos de superaci\u00f3n.\u00bb<\/p>\n\n\n\n<p>En total, 58 personas participaron en la etapa en l\u00ednea, y 49 de ellas pasan ahora a la fase final, que comprende el componente presencial y la presentaci\u00f3n del trabajo final del curso.<\/p>\n\n\n\n<figure class=\"wp-block-image size-large\"><img decoding=\"async\" width=\"1024\" height=\"577\" src=\"https:\/\/www.missoeshumanitarias.org\/wp-content\/uploads\/2025\/05\/Educacao_Emergencias_FMHI_3-1024x577.jpg\" alt=\"\" class=\"wp-image-155573\" srcset=\"https:\/\/www.missoeshumanitarias.org\/wp-content\/uploads\/2025\/05\/Educacao_Emergencias_FMHI_3-1024x577.jpg 1024w, https:\/\/www.missoeshumanitarias.org\/wp-content\/uploads\/2025\/05\/Educacao_Emergencias_FMHI_3-300x169.jpg 300w, https:\/\/www.missoeshumanitarias.org\/wp-content\/uploads\/2025\/05\/Educacao_Emergencias_FMHI_3-768x433.jpg 768w, https:\/\/www.missoeshumanitarias.org\/wp-content\/uploads\/2025\/05\/Educacao_Emergencias_FMHI_3.jpg 1280w\" sizes=\"(max-width: 1024px) 100vw, 1024px\" \/><\/figure>\n\n\n\n<h3 class=\"wp-block-heading\" id=\"h-un-curso-que-repercute-mas-alla-de-las-aulas-virtuales\"><strong>Un curso que repercute m\u00e1s all\u00e1 de las aulas virtuales<\/strong><\/h3>\n\n\n\n<p>La diversidad cultural y geogr\u00e1fica de los participantes reforz\u00f3 el sentido de una educaci\u00f3n humanitaria global, comprometida con la dignidad humana en cualquier territorio. \u00abLa formaci\u00f3n reuni\u00f3 a participantes de tres continentes, enriqueciendo el intercambio de experiencias sobre los desaf\u00edos globales de la educaci\u00f3n en contextos humanitarios. Reflexionamos sobre la importancia de los derechos humanos y la dignidad en las diferentes realidades educativas\u00bb, afirm\u00f3 el profesor J\u00falio Santos.<\/p>\n\n\n\n<p>La profesora Patr\u00edcia Ribeiro destac\u00f3 la metodolog\u00eda como un diferencial: \u00abLa diversidad de los contextos representados y el esp\u00edritu de colaboraci\u00f3n que se vivi\u00f3 a lo largo del curso refuerzan la importancia de trabajar en red y del trabajo conjunto para construir respuestas educativas m\u00e1s justas, humanas y adecuadas a las situaciones de crisis.\u00bb<\/p>\n\n\n\n<p>Jos\u00e9 Lu\u00eds Gon\u00e7alves, director de la<a href=\"https:\/\/esepf.pt\/\" target=\"_blank\" rel=\"noreferrer noopener\">&nbsp;Escuela Superior dePedagog\u00eda Paula Frassinetti (ESEPF),<\/a>&nbsp;destac\u00f3 que esta nueva edici\u00f3n es fruto de la mejora continua y de la fuerza de las asociaciones. \u00abIniciativas como \u00e9sta s\u00f3lo se vuelven posibles gracias a la convergencia de instituciones que comparten el compromiso con la educaci\u00f3n y con&nbsp; la acci\u00f3n humanitaria\u00bb.<\/p>\n\n\n\n<p>El director general de la&nbsp;<a href=\"https:\/\/www.missoeshumanitarias.org\/es\/\" target=\"_blank\" rel=\"noreferrer noopener\">Fraternidad &#8211; MisionesHumanitarias (FMHI)<\/a>, Fray Luciano, record\u00f3 que las emergencias humanitarias siguen agrav\u00e1ndose, especialmente en \u00c1frica, y exigen respuestas org\u00e1nicas y sensibles. \u00abEs urgente preparar profesionales t\u00e9cnica, emocional y culturalmente preparados para reforzar las respuestas educativas humanitarias a las m\u00faltiples vulnerabilidades\u00bb.<\/p>\n\n\n\n<p>En la opini\u00f3n de la decana adjunta de la&nbsp;<a href=\"https:\/\/www.unipiaget-angola.org\/\" target=\"_blank\" rel=\"noreferrer noopener\">Universidad JeanPiage<\/a>t, Elisa Silicavissa Pragosa: \u00abEl curso no solo forma para contextos cr\u00edticos, sino que propone una pr\u00e1ctica educativa m\u00e1s sensible y humanizada. Una educaci\u00f3n comprometida con la dignidad humana es esencial en todos los territorios\u00bb.<\/p>\n\n\n\n<figure class=\"wp-block-image size-large\"><img loading=\"lazy\" decoding=\"async\" width=\"1024\" height=\"542\" src=\"https:\/\/www.missoeshumanitarias.org\/wp-content\/uploads\/2025\/05\/Educacao_Emergencias_FMHI_4-1024x542.jpg\" alt=\"\" class=\"wp-image-155576\" srcset=\"https:\/\/www.missoeshumanitarias.org\/wp-content\/uploads\/2025\/05\/Educacao_Emergencias_FMHI_4-1024x542.jpg 1024w, https:\/\/www.missoeshumanitarias.org\/wp-content\/uploads\/2025\/05\/Educacao_Emergencias_FMHI_4-300x159.jpg 300w, https:\/\/www.missoeshumanitarias.org\/wp-content\/uploads\/2025\/05\/Educacao_Emergencias_FMHI_4-768x406.jpg 768w, https:\/\/www.missoeshumanitarias.org\/wp-content\/uploads\/2025\/05\/Educacao_Emergencias_FMHI_4.jpg 1280w\" sizes=\"(max-width: 1024px) 100vw, 1024px\" \/><\/figure>\n\n\n\n<h3 class=\"wp-block-heading\" id=\"h-proximos-pasos-encuentros-presenciales-y-nuevos-horizontes\"><strong>Pr\u00f3ximos pasos: encuentros presenciales y nuevos horizontes<\/strong><\/h3>\n\n\n\n<p>Con encuentros presenciales previstos en Luanda (Angola), Oporto (Portugal), Carmo da Cachoeira (Brasil) y Rio Grande do Sul (Brasil), el curso entra en su fase final, que incluye la realizaci\u00f3n de reuniones y la entrega del trabajo final. El esp\u00edritu de trabajo en red, escucha y construcci\u00f3n colectiva que ha guiado todo el curso contin\u00faa.<\/p>\n\n\n\n<p>En tiempos de emergencia, el curso reafirma la educaci\u00f3n como una respuesta urgente, necesaria y transformadora.<\/p>\n\n\n\n<figure class=\"wp-block-gallery has-nested-images columns-default is-cropped wp-block-gallery-1 is-layout-flex wp-block-gallery-is-layout-flex\">\n<figure class=\"wp-block-image size-large\"><img loading=\"lazy\" decoding=\"async\" width=\"1024\" height=\"461\" data-id=\"155558\" src=\"https:\/\/www.missoeshumanitarias.org\/wp-content\/uploads\/2025\/05\/Educacao_Emergencias_FMHI_5-1024x461.jpg\" alt=\"\" class=\"wp-image-155558\" srcset=\"https:\/\/www.missoeshumanitarias.org\/wp-content\/uploads\/2025\/05\/Educacao_Emergencias_FMHI_5-1024x461.jpg 1024w, https:\/\/www.missoeshumanitarias.org\/wp-content\/uploads\/2025\/05\/Educacao_Emergencias_FMHI_5-300x135.jpg 300w, https:\/\/www.missoeshumanitarias.org\/wp-content\/uploads\/2025\/05\/Educacao_Emergencias_FMHI_5-768x346.jpg 768w, https:\/\/www.missoeshumanitarias.org\/wp-content\/uploads\/2025\/05\/Educacao_Emergencias_FMHI_5.jpg 1280w\" sizes=\"(max-width: 1024px) 100vw, 1024px\" \/><\/figure>\n\n\n\n<figure class=\"wp-block-image size-large\"><img loading=\"lazy\" decoding=\"async\" width=\"1024\" height=\"461\" data-id=\"155564\" src=\"https:\/\/www.missoeshumanitarias.org\/wp-content\/uploads\/2025\/05\/Educacao_Emergencias_FMHI_6-1024x461.jpg\" alt=\"\" class=\"wp-image-155564\" srcset=\"https:\/\/www.missoeshumanitarias.org\/wp-content\/uploads\/2025\/05\/Educacao_Emergencias_FMHI_6-1024x461.jpg 1024w, https:\/\/www.missoeshumanitarias.org\/wp-content\/uploads\/2025\/05\/Educacao_Emergencias_FMHI_6-300x135.jpg 300w, https:\/\/www.missoeshumanitarias.org\/wp-content\/uploads\/2025\/05\/Educacao_Emergencias_FMHI_6-768x346.jpg 768w, https:\/\/www.missoeshumanitarias.org\/wp-content\/uploads\/2025\/05\/Educacao_Emergencias_FMHI_6.jpg 1280w\" sizes=\"(max-width: 1024px) 100vw, 1024px\" \/><\/figure>\n\n\n\n<figure class=\"wp-block-image size-large\"><img loading=\"lazy\" decoding=\"async\" width=\"1024\" height=\"682\" data-id=\"155561\" src=\"https:\/\/www.missoeshumanitarias.org\/wp-content\/uploads\/2025\/05\/Educacao_Emergencias_FMHI_7-1024x682.jpg\" alt=\"\" class=\"wp-image-155561\" srcset=\"https:\/\/www.missoeshumanitarias.org\/wp-content\/uploads\/2025\/05\/Educacao_Emergencias_FMHI_7-1024x682.jpg 1024w, https:\/\/www.missoeshumanitarias.org\/wp-content\/uploads\/2025\/05\/Educacao_Emergencias_FMHI_7-300x200.jpg 300w, https:\/\/www.missoeshumanitarias.org\/wp-content\/uploads\/2025\/05\/Educacao_Emergencias_FMHI_7-768x512.jpg 768w, https:\/\/www.missoeshumanitarias.org\/wp-content\/uploads\/2025\/05\/Educacao_Emergencias_FMHI_7.jpg 1280w\" sizes=\"(max-width: 1024px) 100vw, 1024px\" \/><\/figure>\n<\/figure>\n","protected":false},"excerpt":{"rendered":"<p>Un viaje de escucha, intercambio y construcci\u00f3n colectiva marca la 2.\u00aa Edici\u00f3n del Curso de Educaci\u00f3n en Situaciones de Emergencia y Respuestas Humanitarias que reuni\u00f3 a educadores de tres continentes para fortalecer la respuesta educativa en contextos de crisis. Promovida por la&nbsp;Fraternidad &#8211; Misiones HumanitariasInternacionales (FMHI)&nbsp;y la&nbsp;Escuela Superior de Educaci\u00f3n Paula Frassinetti(ESEPF)&nbsp;de Portugal, en colaboraci\u00f3n [&hellip;]<\/p>\n","protected":false},"author":9,"featured_media":155575,"comment_status":"closed","ping_status":"closed","sticky":false,"template":"","format":"standard","meta":{"footnotes":""},"categories":[43],"tags":[],"class_list":["post-155802","post","type-post","status-publish","format-standard","has-post-thumbnail","hentry","category-noticias-es"],"featured_image_src":"https:\/\/www.missoeshumanitarias.org\/wp-content\/uploads\/2025\/05\/Educacao_Emergencias_FMHI_3.jpg","author_info":{"display_name":"Editor FFHI","author_link":"https:\/\/www.missoeshumanitarias.org\/es\/author\/editor_ffhi\/"},"yoast_head":"<!-- This site is optimized with the Yoast SEO Premium plugin v22.5 (Yoast SEO v22.5) - https:\/\/yoast.com\/wordpress\/plugins\/seo\/ -->\n<title>2\u00aa Edici\u00f3n del Curso de Educaci\u00f3n en Situaciones de Emergencia y Respuestas Humanitarias - Fraternidade Miss\u00f5es Humanit\u00e1rias Internacionais<\/title>\n<meta name=\"robots\" content=\"index, follow, max-snippet:-1, max-image-preview:large, max-video-preview:-1\" \/>\n<link rel=\"canonical\" href=\"https:\/\/www.missoeshumanitarias.org\/es\/2a-edicion-del-curso-de-educacion-en-situaciones-de-emergencia-y-respuestas-humanitarias\/\" \/>\n<meta property=\"og:locale\" content=\"es_ES\" \/>\n<meta property=\"og:type\" content=\"article\" \/>\n<meta property=\"og:title\" content=\"2\u00aa Edici\u00f3n del Curso de Educaci\u00f3n en Situaciones de Emergencia y Respuestas Humanitarias\" \/>\n<meta property=\"og:description\" content=\"Un viaje de escucha, intercambio y construcci\u00f3n colectiva marca la 2.\u00aa Edici\u00f3n del Curso de Educaci\u00f3n en Situaciones de Emergencia y Respuestas Humanitarias que reuni\u00f3 a educadores de tres continentes para fortalecer la respuesta educativa en contextos de crisis. Promovida por la&nbsp;Fraternidad &#8211; Misiones HumanitariasInternacionales (FMHI)&nbsp;y la&nbsp;Escuela Superior de Educaci\u00f3n Paula Frassinetti(ESEPF)&nbsp;de Portugal, en colaboraci\u00f3n [&hellip;]\" \/>\n<meta property=\"og:url\" content=\"https:\/\/www.missoeshumanitarias.org\/es\/2a-edicion-del-curso-de-educacion-en-situaciones-de-emergencia-y-respuestas-humanitarias\/\" \/>\n<meta property=\"og:site_name\" content=\"Fraternidade Miss\u00f5es Humanit\u00e1rias Internacionais\" \/>\n<meta property=\"article:published_time\" content=\"2025-05-22T23:00:31+00:00\" \/>\n<meta property=\"article:modified_time\" content=\"2025-08-20T12:11:17+00:00\" \/>\n<meta property=\"og:image\" content=\"https:\/\/www.missoeshumanitarias.org\/wp-content\/uploads\/2025\/05\/Educacao_Emergencias_FMHI_3.jpg\" \/>\n\t<meta property=\"og:image:width\" content=\"1280\" \/>\n\t<meta property=\"og:image:height\" content=\"721\" \/>\n\t<meta property=\"og:image:type\" content=\"image\/jpeg\" \/>\n<meta name=\"author\" content=\"Editor FFHI\" \/>\n<meta name=\"twitter:card\" content=\"summary_large_image\" \/>\n<meta name=\"twitter:label1\" content=\"Escrito por\" \/>\n\t<meta name=\"twitter:data1\" content=\"Editor FFHI\" \/>\n\t<meta name=\"twitter:label2\" content=\"Tiempo de lectura\" \/>\n\t<meta name=\"twitter:data2\" content=\"9 minutos\" \/>\n<script type=\"application\/ld+json\" class=\"yoast-schema-graph\">{\"@context\":\"https:\/\/schema.org\",\"@graph\":[{\"@type\":\"Article\",\"@id\":\"https:\/\/www.missoeshumanitarias.org\/es\/2a-edicion-del-curso-de-educacion-en-situaciones-de-emergencia-y-respuestas-humanitarias\/#article\",\"isPartOf\":{\"@id\":\"https:\/\/www.missoeshumanitarias.org\/es\/2a-edicion-del-curso-de-educacion-en-situaciones-de-emergencia-y-respuestas-humanitarias\/\"},\"author\":{\"name\":\"Editor FFHI\",\"@id\":\"https:\/\/www.missoeshumanitarias.org\/es\/#\/schema\/person\/5e3c425ef0d602a9174d1321decb865a\"},\"headline\":\"2\u00aa Edici\u00f3n del Curso de Educaci\u00f3n en Situaciones de Emergencia y Respuestas Humanitarias\",\"datePublished\":\"2025-05-22T23:00:31+00:00\",\"dateModified\":\"2025-08-20T12:11:17+00:00\",\"mainEntityOfPage\":{\"@id\":\"https:\/\/www.missoeshumanitarias.org\/es\/2a-edicion-del-curso-de-educacion-en-situaciones-de-emergencia-y-respuestas-humanitarias\/\"},\"wordCount\":1471,\"publisher\":{\"@id\":\"https:\/\/www.missoeshumanitarias.org\/es\/#organization\"},\"image\":{\"@id\":\"https:\/\/www.missoeshumanitarias.org\/es\/2a-edicion-del-curso-de-educacion-en-situaciones-de-emergencia-y-respuestas-humanitarias\/#primaryimage\"},\"thumbnailUrl\":\"https:\/\/www.missoeshumanitarias.org\/wp-content\/uploads\/2025\/05\/Educacao_Emergencias_FMHI_3.jpg\",\"articleSection\":[\"Noticias\"],\"inLanguage\":\"es\"},{\"@type\":\"WebPage\",\"@id\":\"https:\/\/www.missoeshumanitarias.org\/es\/2a-edicion-del-curso-de-educacion-en-situaciones-de-emergencia-y-respuestas-humanitarias\/\",\"url\":\"https:\/\/www.missoeshumanitarias.org\/es\/2a-edicion-del-curso-de-educacion-en-situaciones-de-emergencia-y-respuestas-humanitarias\/\",\"name\":\"2\u00aa Edici\u00f3n del Curso de Educaci\u00f3n en Situaciones de Emergencia y Respuestas Humanitarias - Fraternidade Miss\u00f5es Humanit\u00e1rias Internacionais\",\"isPartOf\":{\"@id\":\"https:\/\/www.missoeshumanitarias.org\/es\/#website\"},\"primaryImageOfPage\":{\"@id\":\"https:\/\/www.missoeshumanitarias.org\/es\/2a-edicion-del-curso-de-educacion-en-situaciones-de-emergencia-y-respuestas-humanitarias\/#primaryimage\"},\"image\":{\"@id\":\"https:\/\/www.missoeshumanitarias.org\/es\/2a-edicion-del-curso-de-educacion-en-situaciones-de-emergencia-y-respuestas-humanitarias\/#primaryimage\"},\"thumbnailUrl\":\"https:\/\/www.missoeshumanitarias.org\/wp-content\/uploads\/2025\/05\/Educacao_Emergencias_FMHI_3.jpg\",\"datePublished\":\"2025-05-22T23:00:31+00:00\",\"dateModified\":\"2025-08-20T12:11:17+00:00\",\"breadcrumb\":{\"@id\":\"https:\/\/www.missoeshumanitarias.org\/es\/2a-edicion-del-curso-de-educacion-en-situaciones-de-emergencia-y-respuestas-humanitarias\/#breadcrumb\"},\"inLanguage\":\"es\",\"potentialAction\":[{\"@type\":\"ReadAction\",\"target\":[\"https:\/\/www.missoeshumanitarias.org\/es\/2a-edicion-del-curso-de-educacion-en-situaciones-de-emergencia-y-respuestas-humanitarias\/\"]}]},{\"@type\":\"ImageObject\",\"inLanguage\":\"es\",\"@id\":\"https:\/\/www.missoeshumanitarias.org\/es\/2a-edicion-del-curso-de-educacion-en-situaciones-de-emergencia-y-respuestas-humanitarias\/#primaryimage\",\"url\":\"https:\/\/www.missoeshumanitarias.org\/wp-content\/uploads\/2025\/05\/Educacao_Emergencias_FMHI_3.jpg\",\"contentUrl\":\"https:\/\/www.missoeshumanitarias.org\/wp-content\/uploads\/2025\/05\/Educacao_Emergencias_FMHI_3.jpg\",\"width\":1280,\"height\":721},{\"@type\":\"BreadcrumbList\",\"@id\":\"https:\/\/www.missoeshumanitarias.org\/es\/2a-edicion-del-curso-de-educacion-en-situaciones-de-emergencia-y-respuestas-humanitarias\/#breadcrumb\",\"itemListElement\":[{\"@type\":\"ListItem\",\"position\":1,\"name\":\"Home\",\"item\":\"https:\/\/www.missoeshumanitarias.org\/en\/\"},{\"@type\":\"ListItem\",\"position\":2,\"name\":\"2\u00aa Edici\u00f3n del Curso de Educaci\u00f3n en Situaciones de Emergencia y Respuestas Humanitarias\"}]},{\"@type\":\"WebSite\",\"@id\":\"https:\/\/www.missoeshumanitarias.org\/es\/#website\",\"url\":\"https:\/\/www.missoeshumanitarias.org\/es\/\",\"name\":\"Fraternidade Miss\u00f5es Humanit\u00e1rias Internacionais\",\"description\":\"Respostas Humanit\u00e1rias e Emerg\u00eancias\",\"publisher\":{\"@id\":\"https:\/\/www.missoeshumanitarias.org\/es\/#organization\"},\"potentialAction\":[{\"@type\":\"SearchAction\",\"target\":{\"@type\":\"EntryPoint\",\"urlTemplate\":\"https:\/\/www.missoeshumanitarias.org\/es\/?s={search_term_string}\"},\"query-input\":\"required name=search_term_string\"}],\"inLanguage\":\"es\"},{\"@type\":\"Organization\",\"@id\":\"https:\/\/www.missoeshumanitarias.org\/es\/#organization\",\"name\":\"Fraternidade - Miss\u00f5es Humanit\u00e1rias Internacionais\",\"url\":\"https:\/\/www.missoeshumanitarias.org\/es\/\",\"logo\":{\"@type\":\"ImageObject\",\"inLanguage\":\"es\",\"@id\":\"https:\/\/www.missoeshumanitarias.org\/es\/#\/schema\/logo\/image\/\",\"url\":\"https:\/\/www.missoeshumanitarias.org\/wp-content\/uploads\/2020\/05\/logo-FMHI-mg.png\",\"contentUrl\":\"https:\/\/www.missoeshumanitarias.org\/wp-content\/uploads\/2020\/05\/logo-FMHI-mg.png\",\"width\":520,\"height\":134,\"caption\":\"Fraternidade - Miss\u00f5es Humanit\u00e1rias Internacionais\"},\"image\":{\"@id\":\"https:\/\/www.missoeshumanitarias.org\/es\/#\/schema\/logo\/image\/\"}},{\"@type\":\"Person\",\"@id\":\"https:\/\/www.missoeshumanitarias.org\/es\/#\/schema\/person\/5e3c425ef0d602a9174d1321decb865a\",\"name\":\"Editor FFHI\",\"image\":{\"@type\":\"ImageObject\",\"inLanguage\":\"es\",\"@id\":\"https:\/\/www.missoeshumanitarias.org\/es\/#\/schema\/person\/image\/\",\"url\":\"https:\/\/secure.gravatar.com\/avatar\/44040a3705ad52646334e1c9202942f4c81e12828de9257a9b8f1e1ce0f471d3?s=96&d=mm&r=g\",\"contentUrl\":\"https:\/\/secure.gravatar.com\/avatar\/44040a3705ad52646334e1c9202942f4c81e12828de9257a9b8f1e1ce0f471d3?s=96&d=mm&r=g\",\"caption\":\"Editor FFHI\"}}]}<\/script>\n<!-- \/ Yoast SEO Premium plugin. -->","yoast_head_json":{"title":"2\u00aa Edici\u00f3n del Curso de Educaci\u00f3n en Situaciones de Emergencia y Respuestas Humanitarias - Fraternidade Miss\u00f5es Humanit\u00e1rias Internacionais","robots":{"index":"index","follow":"follow","max-snippet":"max-snippet:-1","max-image-preview":"max-image-preview:large","max-video-preview":"max-video-preview:-1"},"canonical":"https:\/\/www.missoeshumanitarias.org\/es\/2a-edicion-del-curso-de-educacion-en-situaciones-de-emergencia-y-respuestas-humanitarias\/","og_locale":"es_ES","og_type":"article","og_title":"2\u00aa Edici\u00f3n del Curso de Educaci\u00f3n en Situaciones de Emergencia y Respuestas Humanitarias","og_description":"Un viaje de escucha, intercambio y construcci\u00f3n colectiva marca la 2.\u00aa Edici\u00f3n del Curso de Educaci\u00f3n en Situaciones de Emergencia y Respuestas Humanitarias que reuni\u00f3 a educadores de tres continentes para fortalecer la respuesta educativa en contextos de crisis. Promovida por la&nbsp;Fraternidad &#8211; Misiones HumanitariasInternacionales (FMHI)&nbsp;y la&nbsp;Escuela Superior de Educaci\u00f3n Paula Frassinetti(ESEPF)&nbsp;de Portugal, en colaboraci\u00f3n [&hellip;]","og_url":"https:\/\/www.missoeshumanitarias.org\/es\/2a-edicion-del-curso-de-educacion-en-situaciones-de-emergencia-y-respuestas-humanitarias\/","og_site_name":"Fraternidade Miss\u00f5es Humanit\u00e1rias Internacionais","article_published_time":"2025-05-22T23:00:31+00:00","article_modified_time":"2025-08-20T12:11:17+00:00","og_image":[{"width":1280,"height":721,"url":"https:\/\/www.missoeshumanitarias.org\/wp-content\/uploads\/2025\/05\/Educacao_Emergencias_FMHI_3.jpg","type":"image\/jpeg"}],"author":"Editor FFHI","twitter_card":"summary_large_image","twitter_misc":{"Escrito por":"Editor FFHI","Tiempo de lectura":"9 minutos"},"schema":{"@context":"https:\/\/schema.org","@graph":[{"@type":"Article","@id":"https:\/\/www.missoeshumanitarias.org\/es\/2a-edicion-del-curso-de-educacion-en-situaciones-de-emergencia-y-respuestas-humanitarias\/#article","isPartOf":{"@id":"https:\/\/www.missoeshumanitarias.org\/es\/2a-edicion-del-curso-de-educacion-en-situaciones-de-emergencia-y-respuestas-humanitarias\/"},"author":{"name":"Editor FFHI","@id":"https:\/\/www.missoeshumanitarias.org\/es\/#\/schema\/person\/5e3c425ef0d602a9174d1321decb865a"},"headline":"2\u00aa Edici\u00f3n del Curso de Educaci\u00f3n en Situaciones de Emergencia y Respuestas Humanitarias","datePublished":"2025-05-22T23:00:31+00:00","dateModified":"2025-08-20T12:11:17+00:00","mainEntityOfPage":{"@id":"https:\/\/www.missoeshumanitarias.org\/es\/2a-edicion-del-curso-de-educacion-en-situaciones-de-emergencia-y-respuestas-humanitarias\/"},"wordCount":1471,"publisher":{"@id":"https:\/\/www.missoeshumanitarias.org\/es\/#organization"},"image":{"@id":"https:\/\/www.missoeshumanitarias.org\/es\/2a-edicion-del-curso-de-educacion-en-situaciones-de-emergencia-y-respuestas-humanitarias\/#primaryimage"},"thumbnailUrl":"https:\/\/www.missoeshumanitarias.org\/wp-content\/uploads\/2025\/05\/Educacao_Emergencias_FMHI_3.jpg","articleSection":["Noticias"],"inLanguage":"es"},{"@type":"WebPage","@id":"https:\/\/www.missoeshumanitarias.org\/es\/2a-edicion-del-curso-de-educacion-en-situaciones-de-emergencia-y-respuestas-humanitarias\/","url":"https:\/\/www.missoeshumanitarias.org\/es\/2a-edicion-del-curso-de-educacion-en-situaciones-de-emergencia-y-respuestas-humanitarias\/","name":"2\u00aa Edici\u00f3n del Curso de Educaci\u00f3n en Situaciones de Emergencia y Respuestas Humanitarias - Fraternidade Miss\u00f5es Humanit\u00e1rias Internacionais","isPartOf":{"@id":"https:\/\/www.missoeshumanitarias.org\/es\/#website"},"primaryImageOfPage":{"@id":"https:\/\/www.missoeshumanitarias.org\/es\/2a-edicion-del-curso-de-educacion-en-situaciones-de-emergencia-y-respuestas-humanitarias\/#primaryimage"},"image":{"@id":"https:\/\/www.missoeshumanitarias.org\/es\/2a-edicion-del-curso-de-educacion-en-situaciones-de-emergencia-y-respuestas-humanitarias\/#primaryimage"},"thumbnailUrl":"https:\/\/www.missoeshumanitarias.org\/wp-content\/uploads\/2025\/05\/Educacao_Emergencias_FMHI_3.jpg","datePublished":"2025-05-22T23:00:31+00:00","dateModified":"2025-08-20T12:11:17+00:00","breadcrumb":{"@id":"https:\/\/www.missoeshumanitarias.org\/es\/2a-edicion-del-curso-de-educacion-en-situaciones-de-emergencia-y-respuestas-humanitarias\/#breadcrumb"},"inLanguage":"es","potentialAction":[{"@type":"ReadAction","target":["https:\/\/www.missoeshumanitarias.org\/es\/2a-edicion-del-curso-de-educacion-en-situaciones-de-emergencia-y-respuestas-humanitarias\/"]}]},{"@type":"ImageObject","inLanguage":"es","@id":"https:\/\/www.missoeshumanitarias.org\/es\/2a-edicion-del-curso-de-educacion-en-situaciones-de-emergencia-y-respuestas-humanitarias\/#primaryimage","url":"https:\/\/www.missoeshumanitarias.org\/wp-content\/uploads\/2025\/05\/Educacao_Emergencias_FMHI_3.jpg","contentUrl":"https:\/\/www.missoeshumanitarias.org\/wp-content\/uploads\/2025\/05\/Educacao_Emergencias_FMHI_3.jpg","width":1280,"height":721},{"@type":"BreadcrumbList","@id":"https:\/\/www.missoeshumanitarias.org\/es\/2a-edicion-del-curso-de-educacion-en-situaciones-de-emergencia-y-respuestas-humanitarias\/#breadcrumb","itemListElement":[{"@type":"ListItem","position":1,"name":"Home","item":"https:\/\/www.missoeshumanitarias.org\/en\/"},{"@type":"ListItem","position":2,"name":"2\u00aa Edici\u00f3n del Curso de Educaci\u00f3n en Situaciones de Emergencia y Respuestas Humanitarias"}]},{"@type":"WebSite","@id":"https:\/\/www.missoeshumanitarias.org\/es\/#website","url":"https:\/\/www.missoeshumanitarias.org\/es\/","name":"Fraternidade Miss\u00f5es Humanit\u00e1rias Internacionais","description":"Respostas Humanit\u00e1rias e Emerg\u00eancias","publisher":{"@id":"https:\/\/www.missoeshumanitarias.org\/es\/#organization"},"potentialAction":[{"@type":"SearchAction","target":{"@type":"EntryPoint","urlTemplate":"https:\/\/www.missoeshumanitarias.org\/es\/?s={search_term_string}"},"query-input":"required name=search_term_string"}],"inLanguage":"es"},{"@type":"Organization","@id":"https:\/\/www.missoeshumanitarias.org\/es\/#organization","name":"Fraternidade - Miss\u00f5es Humanit\u00e1rias Internacionais","url":"https:\/\/www.missoeshumanitarias.org\/es\/","logo":{"@type":"ImageObject","inLanguage":"es","@id":"https:\/\/www.missoeshumanitarias.org\/es\/#\/schema\/logo\/image\/","url":"https:\/\/www.missoeshumanitarias.org\/wp-content\/uploads\/2020\/05\/logo-FMHI-mg.png","contentUrl":"https:\/\/www.missoeshumanitarias.org\/wp-content\/uploads\/2020\/05\/logo-FMHI-mg.png","width":520,"height":134,"caption":"Fraternidade - Miss\u00f5es Humanit\u00e1rias Internacionais"},"image":{"@id":"https:\/\/www.missoeshumanitarias.org\/es\/#\/schema\/logo\/image\/"}},{"@type":"Person","@id":"https:\/\/www.missoeshumanitarias.org\/es\/#\/schema\/person\/5e3c425ef0d602a9174d1321decb865a","name":"Editor FFHI","image":{"@type":"ImageObject","inLanguage":"es","@id":"https:\/\/www.missoeshumanitarias.org\/es\/#\/schema\/person\/image\/","url":"https:\/\/secure.gravatar.com\/avatar\/44040a3705ad52646334e1c9202942f4c81e12828de9257a9b8f1e1ce0f471d3?s=96&d=mm&r=g","contentUrl":"https:\/\/secure.gravatar.com\/avatar\/44040a3705ad52646334e1c9202942f4c81e12828de9257a9b8f1e1ce0f471d3?s=96&d=mm&r=g","caption":"Editor FFHI"}}]}},"_links":{"self":[{"href":"https:\/\/www.missoeshumanitarias.org\/es\/wp-json\/wp\/v2\/posts\/155802","targetHints":{"allow":["GET"]}}],"collection":[{"href":"https:\/\/www.missoeshumanitarias.org\/es\/wp-json\/wp\/v2\/posts"}],"about":[{"href":"https:\/\/www.missoeshumanitarias.org\/es\/wp-json\/wp\/v2\/types\/post"}],"author":[{"embeddable":true,"href":"https:\/\/www.missoeshumanitarias.org\/es\/wp-json\/wp\/v2\/users\/9"}],"replies":[{"embeddable":true,"href":"https:\/\/www.missoeshumanitarias.org\/es\/wp-json\/wp\/v2\/comments?post=155802"}],"version-history":[{"count":3,"href":"https:\/\/www.missoeshumanitarias.org\/es\/wp-json\/wp\/v2\/posts\/155802\/revisions"}],"predecessor-version":[{"id":155898,"href":"https:\/\/www.missoeshumanitarias.org\/es\/wp-json\/wp\/v2\/posts\/155802\/revisions\/155898"}],"wp:featuredmedia":[{"embeddable":true,"href":"https:\/\/www.missoeshumanitarias.org\/es\/wp-json\/wp\/v2\/media\/155575"}],"wp:attachment":[{"href":"https:\/\/www.missoeshumanitarias.org\/es\/wp-json\/wp\/v2\/media?parent=155802"}],"wp:term":[{"taxonomy":"category","embeddable":true,"href":"https:\/\/www.missoeshumanitarias.org\/es\/wp-json\/wp\/v2\/categories?post=155802"},{"taxonomy":"post_tag","embeddable":true,"href":"https:\/\/www.missoeshumanitarias.org\/es\/wp-json\/wp\/v2\/tags?post=155802"}],"curies":[{"name":"wp","href":"https:\/\/api.w.org\/{rel}","templated":true}]}}