{"id":155862,"date":"2024-12-18T05:32:15","date_gmt":"2024-12-18T08:32:15","guid":{"rendered":"https:\/\/www.missoeshumanitarias.org\/?p=155862"},"modified":"2025-08-19T08:52:54","modified_gmt":"2025-08-19T11:52:54","slug":"la-fuerza-transformadora-de-la-migracion","status":"publish","type":"post","link":"https:\/\/www.missoeshumanitarias.org\/es\/la-fuerza-transformadora-de-la-migracion\/","title":{"rendered":"La fuerza transformadora de la migraci\u00f3n"},"content":{"rendered":"\n<p>Actualmente existen 281 millones de migrantes internacionales en el mundo, de los cuales 117 millones fueron desplazados por razones&nbsp; forzadas como conflictos, violencia y desastres naturales, de acuerdo con el Informe Mundial sobre Migraci\u00f3n 2024, divulgado por la Organizaci\u00f3n Internacional para las Migraciones (OIM).<\/p>\n\n\n\n<p>&nbsp;A pesar de los desaf\u00edos significativos, el fen\u00f3meno migratorio contin\u00faa impulsando el desarrollo humano, promoviendo transformaciones profundas en las esferas social, econ\u00f3mica y cultural.<\/p>\n\n\n\n<p>&nbsp;Sobre la contribuci\u00f3n econ\u00f3mica que la migraci\u00f3n trae, el Informe destaca que:<\/p>\n\n\n\n<ul class=\"wp-block-list\">\n<li>RLas remesas internacionales tuvieron un aumento de 650%, pasando de 128 mil millones\u00a0 para 831 mil millones de d\u00f3lares entre 2000 y 2022.<\/li>\n\n\n\n<li>Las remesas de los migrantes sobrepasan las inversiones extranjeras directamente en el aumento del PIB de las naciones en desarrollo.<\/li>\n<\/ul>\n\n\n\n<p>El D\u00eda Internacional de los migrantes, celebrado el 18 de diciembre, ofrece una oportunidad para reflejar sobre todas esas contribuciones e sobre el impacto positivo que los migrantes generan tanto en las sociedades de acogida como en las sociedades de origen.<\/p>\n\n\n\n<figure class=\"wp-block-image size-large\"><img fetchpriority=\"high\" decoding=\"async\" width=\"1024\" height=\"682\" src=\"https:\/\/www.missoeshumanitarias.org\/wp-content\/uploads\/2024\/12\/Dia_Internacional_Migrantes_FMHI_CCFI_5-1024x682.jpg\" alt=\"Dia Internacional dos Migrantes\" class=\"wp-image-155230\" srcset=\"https:\/\/www.missoeshumanitarias.org\/wp-content\/uploads\/2024\/12\/Dia_Internacional_Migrantes_FMHI_CCFI_5-1024x682.jpg 1024w, https:\/\/www.missoeshumanitarias.org\/wp-content\/uploads\/2024\/12\/Dia_Internacional_Migrantes_FMHI_CCFI_5-300x200.jpg 300w, https:\/\/www.missoeshumanitarias.org\/wp-content\/uploads\/2024\/12\/Dia_Internacional_Migrantes_FMHI_CCFI_5-768x512.jpg 768w, https:\/\/www.missoeshumanitarias.org\/wp-content\/uploads\/2024\/12\/Dia_Internacional_Migrantes_FMHI_CCFI_5.jpg 1280w\" sizes=\"(max-width: 1024px) 100vw, 1024px\" \/><\/figure>\n\n\n\n<p>Entre esas transformaciones, la culinaria se destaca como un puente entre las culturas, simbolizando la capacidad de los migrantes que enriquecen las sociedades que los acogen en cuanto preservan y comparten sus propias identidades culturales.\u00a0 En Boa Vista, Roraima, a\u00a0<a href=\"https:\/\/www.missoeshumanitarias.org\/es\/\" target=\"_blank\" rel=\"noreferrer noopener\">Fraternidad \u2013 Misioness Humanit\u00e1rias Internacionale (FMHI)<\/a>\u00a0organizo , por m\u00e9dio del\u00a0<a href=\"https:\/\/www.missoeshumanitarias.org\/es\/ccfi\/\" target=\"_blank\" rel=\"noreferrer noopener\">Centro Cultural de Formaci\u00f3n Ind\u00edgena (CCFI),\u00a0<\/a>la 13\u00b0 Feria Intercultural Ind\u00edgena, con el tema \u201cHerencia Culinaria\u201d.\u00a0 El evento destac\u00f3 la riqueza de las tradiciones gastron\u00f3micas ind\u00edgenas, reuniendo no solo a los migrantes ind\u00edgenas, pero tambi\u00e9n a la sociedad local en un espacio de intercambio cultural.<\/p>\n\n\n\n<figure class=\"wp-block-image size-large\"><img decoding=\"async\" width=\"1024\" height=\"682\" src=\"https:\/\/www.missoeshumanitarias.org\/wp-content\/uploads\/2024\/12\/Dia_Internacional_Migrantes_FMHI_CCFI_4-1024x682.jpg\" alt=\"Dia Internacional dos Migrantes\" class=\"wp-image-155226\" srcset=\"https:\/\/www.missoeshumanitarias.org\/wp-content\/uploads\/2024\/12\/Dia_Internacional_Migrantes_FMHI_CCFI_4-1024x682.jpg 1024w, https:\/\/www.missoeshumanitarias.org\/wp-content\/uploads\/2024\/12\/Dia_Internacional_Migrantes_FMHI_CCFI_4-300x200.jpg 300w, https:\/\/www.missoeshumanitarias.org\/wp-content\/uploads\/2024\/12\/Dia_Internacional_Migrantes_FMHI_CCFI_4-768x512.jpg 768w, https:\/\/www.missoeshumanitarias.org\/wp-content\/uploads\/2024\/12\/Dia_Internacional_Migrantes_FMHI_CCFI_4.jpg 1280w\" sizes=\"(max-width: 1024px) 100vw, 1024px\" \/><\/figure>\n\n\n\n<h3 class=\"wp-block-heading\" id=\"h-feria-intercultural-indigena-sabores-e-historias\">Feria Intercultural Ind\u00edgena: Sabores e Hist\u00f3rias.<\/h3>\n\n\n\n<p>La Feria Intercultural Ind\u00edgena, realizada el 14 de diciembre \u00faltimo fue una celebraci\u00f3n de identidad y ancestro de los pueblos ind\u00edgenas. Durante el evento se prepararon platos t\u00edpicos como guiso rallado Warao (Durante el evento se prepararon al vivo platos t\u00edpicos como guiso rallado: guiso preparado con peces de las especies jabajaba\u00a0 y beiju Macuxi ,- palabras warao &#8211; y fueron ofrecidos para degustaci\u00f3n. Tambi\u00e9n ofrecieron al p\u00fablico: jugos naturales caxiri: jugo fermentado de mandioca, damurida Macuxi, kumache Pemon, productos a base de pimienta como salsas y mermeladas para que el p\u00fablicopudiera adquirilos.<\/p>\n\n\n\n<figure class=\"wp-block-image size-large\"><img decoding=\"async\" width=\"1024\" height=\"682\" src=\"https:\/\/www.missoeshumanitarias.org\/wp-content\/uploads\/2024\/12\/Dia_Internacional_Migrantes_FMHI_CCFI_1-1024x682.jpg\" alt=\"Dia Internacional dos Migrantes\" class=\"wp-image-155214\" srcset=\"https:\/\/www.missoeshumanitarias.org\/wp-content\/uploads\/2024\/12\/Dia_Internacional_Migrantes_FMHI_CCFI_1-1024x682.jpg 1024w, https:\/\/www.missoeshumanitarias.org\/wp-content\/uploads\/2024\/12\/Dia_Internacional_Migrantes_FMHI_CCFI_1-300x200.jpg 300w, https:\/\/www.missoeshumanitarias.org\/wp-content\/uploads\/2024\/12\/Dia_Internacional_Migrantes_FMHI_CCFI_1-768x512.jpg 768w, https:\/\/www.missoeshumanitarias.org\/wp-content\/uploads\/2024\/12\/Dia_Internacional_Migrantes_FMHI_CCFI_1.jpg 1280w\" sizes=\"(max-width: 1024px) 100vw, 1024px\" \/><\/figure>\n\n\n\n<p>Cada receta trae consigo no solo sabores \u00fanicos sino tambi\u00e9n historias que reflejan el uso sustentable de los recursos naturales y la relaci\u00f3n simb\u00f3lica de los pueblos ind\u00edgenas con la tierra.<\/p>\n\n\n\n<p>\u201cLa culinaria es un espejo de la historia&nbsp; y sabidur\u00eda de nuestros pueblos. Estos encuentros permiten que ind\u00edgenas y brasile\u00f1os aprendan unos de otros y fortalezcan sus lazos comunitarios\u201d, afirm\u00f3 Diolimar Tempo, del pueblo Kari\u00f1a. Ella destac\u00f3 todav\u00eda que la culinaria es una expresi\u00f3n esencial de identidad ind\u00edgena conectando las personas a sus ancestros por medio de t\u00e9cnicas de preparaci\u00f3n de ingredientes caracter\u00edsticos, como mandioca, ma\u00edz, frutas nativas y peces.&nbsp; Para los pueblos ind\u00edgenas, plantar, cosechar y preparar alimentos son rituales que reafirman el respeto a la tierra, promueve pr\u00e1cticas sustentables y preserva la biodiversidad.<\/p>\n\n\n\n<h3 class=\"wp-block-heading\" id=\"h-conexiones-culturales-y-desarrollo-comunitario\">Conexiones Culturales y Desarrollo Comunitario.<\/h3>\n\n\n\n<p>El servidor humanitario voluntario Oliver de la&nbsp;<a href=\"https:\/\/www.missoeshumanitarias.org\/es\/ccfi\/\" target=\"_blank\" rel=\"noreferrer noopener\">FraternidadMisiones Humanitarias Internacionales<\/a>&nbsp;reforz\u00f3 la import\u00e2aia de los eventos interculturales como la feria para promover el di\u00e1logo entre diferentes pueblos\u201c Al compartir sus recetas y t\u00e9cnicas de preparaci\u00f3n, los ind\u00edgenas no solo alimentan a los participantes pero tambi\u00e9n promueven el intercambio de saberes y la valorizaci\u00f3n de sus tradiciones. El p\u00fablico tiene la oportunidad de conocer a fondo la cultura ind\u00edgena desde los ingredientes utilizados hasta el significado simb\u00f3lico de cada plato\u201d afirm\u00f3.<\/p>\n\n\n\n<p>Adem\u00e1s de eso, Oliver destac\u00f3 que la&nbsp;<a href=\"https:\/\/www.missoeshumanitarias.org\/es\/ccfi\/\" target=\"_blank\" rel=\"noreferrer noopener\">Fraternidad MisionesHumanitarias Internacionales(FMHI)<\/a>,&nbsp; a lo largo de los a\u00f1os ha invertido&nbsp; en capacitaciones&nbsp; volcadas para los pueblos ind\u00edgenas, como cursos de portugues y talleres de emprendimiento, para fortalecer la autonom\u00eda y la generaci\u00f3n de rentas b\u00e1sicas de esas comunidades. Talleres sobre mercadeo, atenci\u00f3n al cliente y gesti\u00f3n financiera han sido fundamentales para que los ind\u00edgenas desarrollen habilidades y ampl\u00eden sus oportunidades en el contexto del acogimiento.<\/p>\n\n\n\n<figure class=\"wp-block-image size-large\"><img loading=\"lazy\" decoding=\"async\" width=\"1024\" height=\"682\" src=\"https:\/\/www.missoeshumanitarias.org\/wp-content\/uploads\/2024\/12\/Dia_Internacional_Migrantes_FMHI_CCFI_3-1024x682.jpg\" alt=\"Dia Internacional dos Migrantes\" class=\"wp-image-155218\" srcset=\"https:\/\/www.missoeshumanitarias.org\/wp-content\/uploads\/2024\/12\/Dia_Internacional_Migrantes_FMHI_CCFI_3-1024x682.jpg 1024w, https:\/\/www.missoeshumanitarias.org\/wp-content\/uploads\/2024\/12\/Dia_Internacional_Migrantes_FMHI_CCFI_3-300x200.jpg 300w, https:\/\/www.missoeshumanitarias.org\/wp-content\/uploads\/2024\/12\/Dia_Internacional_Migrantes_FMHI_CCFI_3-768x512.jpg 768w, https:\/\/www.missoeshumanitarias.org\/wp-content\/uploads\/2024\/12\/Dia_Internacional_Migrantes_FMHI_CCFI_3.jpg 1280w\" sizes=\"(max-width: 1024px) 100vw, 1024px\" \/><\/figure>\n\n\n\n<h3 class=\"wp-block-heading\" id=\"h-la-culinaria-como-patrimonio-cultural\">La Culin\u00e1ria como Patrim\u00f3nio Cultural<\/h3>\n\n\n\n<p>La culinaria ind\u00edgena es una referencia importante de la identidad cultural de los pueblos originarios y han influenciado profundamente en la culinaria brasile\u00f1a contempor\u00e1nea. Ingredientes como la mandioca, ma\u00edz y el a\u00e7ai as\u00ed como t\u00e9cnicas tradicionales como en la utilizaci\u00f3n de cacerolas de barro y la fermentaci\u00f3n natural, son ejemplos de esa rica herencia.\u00a0 En un contexto de creciente urbanizaci\u00f3n y la p\u00e9rdida de territorios, la culinaria se vuelve un s\u00edmbolo de resiliencia, reafirmando la identidad de los pueblos ind\u00edgenas y promoviendo el respeto a su historia y derechos.<\/p>\n\n\n\n<figure class=\"wp-block-image size-full\"><img loading=\"lazy\" decoding=\"async\" width=\"1000\" height=\"562\" src=\"https:\/\/www.missoeshumanitarias.org\/wp-content\/uploads\/2024\/12\/Dia_Internacional_Migrantes_FMHI_CCFI_6.jpg\" alt=\"Dia Internacional dos Migrantes\" class=\"wp-image-155222\" srcset=\"https:\/\/www.missoeshumanitarias.org\/wp-content\/uploads\/2024\/12\/Dia_Internacional_Migrantes_FMHI_CCFI_6.jpg 1000w, https:\/\/www.missoeshumanitarias.org\/wp-content\/uploads\/2024\/12\/Dia_Internacional_Migrantes_FMHI_CCFI_6-300x169.jpg 300w, https:\/\/www.missoeshumanitarias.org\/wp-content\/uploads\/2024\/12\/Dia_Internacional_Migrantes_FMHI_CCFI_6-768x432.jpg 768w\" sizes=\"(max-width: 1000px) 100vw, 1000px\" \/><\/figure>\n\n\n\n<p>Al celebrar la diversidad cultural por medio de la gastronom\u00eda, la Feria Intercultural ind\u00edgena mostr\u00f3 c\u00f3mo la migraci\u00f3n puede ser una fuerza transformadora, uniendo personas de diferentes or\u00edgenes en torno a valores comunes.\u00a0 Cada plato servido no solamente nutri\u00f3 a los participantes, pero tambi\u00e9n cont\u00f3 historias, construy\u00f3 memorias y abri\u00f3 espacios para un di\u00e1logo intercultural.\u00a0 En un mundo marcado por los desplazamientos, la culinaria se torna un lenguaje universal que conecta, enriquece y preserva las culturas.<\/p>\n\n\n\n<figure class=\"wp-block-image size-large\"><img loading=\"lazy\" decoding=\"async\" width=\"1024\" height=\"682\" src=\"https:\/\/www.missoeshumanitarias.org\/wp-content\/uploads\/2024\/12\/Dia_Internacional_Migrantes_FMHI_CCFI_2-1024x682.jpg\" alt=\"Dia Internacional dos Migrantes\" class=\"wp-image-155234\" srcset=\"https:\/\/www.missoeshumanitarias.org\/wp-content\/uploads\/2024\/12\/Dia_Internacional_Migrantes_FMHI_CCFI_2-1024x682.jpg 1024w, https:\/\/www.missoeshumanitarias.org\/wp-content\/uploads\/2024\/12\/Dia_Internacional_Migrantes_FMHI_CCFI_2-300x200.jpg 300w, https:\/\/www.missoeshumanitarias.org\/wp-content\/uploads\/2024\/12\/Dia_Internacional_Migrantes_FMHI_CCFI_2-768x512.jpg 768w, https:\/\/www.missoeshumanitarias.org\/wp-content\/uploads\/2024\/12\/Dia_Internacional_Migrantes_FMHI_CCFI_2.jpg 1280w\" sizes=\"(max-width: 1024px) 100vw, 1024px\" \/><\/figure>\n\n\n\n<p>En el D\u00eda Internacional de los Emigrantes, la celebraci\u00f3n de la herencia culinaria ind\u00edgena nos muestra el papel esencial de la emigraci\u00f3n en la construcci\u00f3n de las sociedades m\u00e1s inclusivas y ricas culturalmente.\u00a0 Al valorizar las contribuciones de los emigrantes, reconocemos que cada historia, cada sabor y cada cultura tan diversa forman parte de un legado compartido que debe ser preservado y celebrado.<\/p>\n","protected":false},"excerpt":{"rendered":"<p>Actualmente existen 281 millones de migrantes internacionales en el mundo, de los cuales 117 millones fueron desplazados por razones&nbsp; forzadas como conflictos, violencia y desastres naturales, de acuerdo con el Informe Mundial sobre Migraci\u00f3n 2024, divulgado por la Organizaci\u00f3n Internacional para las Migraciones (OIM). &nbsp;A pesar de los desaf\u00edos significativos, el fen\u00f3meno migratorio contin\u00faa impulsando [&hellip;]<\/p>\n","protected":false},"author":9,"featured_media":155229,"comment_status":"closed","ping_status":"closed","sticky":false,"template":"","format":"standard","meta":{"footnotes":""},"categories":[43,131],"tags":[128],"class_list":["post-155862","post","type-post","status-publish","format-standard","has-post-thumbnail","hentry","category-noticias-es","category-noticias-de-las-misiones","tag-mision-roraima"],"featured_image_src":"https:\/\/www.missoeshumanitarias.org\/wp-content\/uploads\/2024\/12\/Dia_Internacional_Migrantes_FMHI_CCFI_4.jpg","author_info":{"display_name":"Editor FFHI","author_link":"https:\/\/www.missoeshumanitarias.org\/es\/author\/editor_ffhi\/"},"yoast_head":"<!-- This site is optimized with the Yoast SEO Premium plugin v22.5 (Yoast SEO v22.5) - https:\/\/yoast.com\/wordpress\/plugins\/seo\/ -->\n<title>La fuerza transformadora de la migraci\u00f3n - Fraternidade Miss\u00f5es Humanit\u00e1rias Internacionais<\/title>\n<meta name=\"robots\" content=\"index, follow, max-snippet:-1, max-image-preview:large, max-video-preview:-1\" \/>\n<link rel=\"canonical\" href=\"https:\/\/www.missoeshumanitarias.org\/es\/la-fuerza-transformadora-de-la-migracion\/\" \/>\n<meta property=\"og:locale\" content=\"es_ES\" \/>\n<meta property=\"og:type\" content=\"article\" \/>\n<meta property=\"og:title\" content=\"La fuerza transformadora de la migraci\u00f3n\" \/>\n<meta property=\"og:description\" content=\"Actualmente existen 281 millones de migrantes internacionales en el mundo, de los cuales 117 millones fueron desplazados por razones&nbsp; forzadas como conflictos, violencia y desastres naturales, de acuerdo con el Informe Mundial sobre Migraci\u00f3n 2024, divulgado por la Organizaci\u00f3n Internacional para las Migraciones (OIM). &nbsp;A pesar de los desaf\u00edos significativos, el fen\u00f3meno migratorio contin\u00faa impulsando [&hellip;]\" \/>\n<meta property=\"og:url\" content=\"https:\/\/www.missoeshumanitarias.org\/es\/la-fuerza-transformadora-de-la-migracion\/\" \/>\n<meta property=\"og:site_name\" content=\"Fraternidade Miss\u00f5es Humanit\u00e1rias Internacionais\" \/>\n<meta property=\"article:published_time\" content=\"2024-12-18T08:32:15+00:00\" \/>\n<meta property=\"article:modified_time\" content=\"2025-08-19T11:52:54+00:00\" \/>\n<meta property=\"og:image\" content=\"https:\/\/www.missoeshumanitarias.org\/wp-content\/uploads\/2024\/12\/Dia_Internacional_Migrantes_FMHI_CCFI_4.jpg\" \/>\n\t<meta property=\"og:image:width\" content=\"1280\" \/>\n\t<meta property=\"og:image:height\" content=\"853\" \/>\n\t<meta property=\"og:image:type\" content=\"image\/jpeg\" \/>\n<meta name=\"author\" content=\"Editor FFHI\" \/>\n<meta name=\"twitter:card\" content=\"summary_large_image\" \/>\n<meta name=\"twitter:label1\" content=\"Escrito por\" \/>\n\t<meta name=\"twitter:data1\" content=\"Editor FFHI\" \/>\n\t<meta name=\"twitter:label2\" content=\"Tiempo de lectura\" \/>\n\t<meta name=\"twitter:data2\" content=\"7 minutos\" \/>\n<script type=\"application\/ld+json\" class=\"yoast-schema-graph\">{\"@context\":\"https:\/\/schema.org\",\"@graph\":[{\"@type\":\"Article\",\"@id\":\"https:\/\/www.missoeshumanitarias.org\/es\/la-fuerza-transformadora-de-la-migracion\/#article\",\"isPartOf\":{\"@id\":\"https:\/\/www.missoeshumanitarias.org\/es\/la-fuerza-transformadora-de-la-migracion\/\"},\"author\":{\"name\":\"Editor FFHI\",\"@id\":\"https:\/\/www.missoeshumanitarias.org\/es\/#\/schema\/person\/5e3c425ef0d602a9174d1321decb865a\"},\"headline\":\"La fuerza transformadora de la migraci\u00f3n\",\"datePublished\":\"2024-12-18T08:32:15+00:00\",\"dateModified\":\"2025-08-19T11:52:54+00:00\",\"mainEntityOfPage\":{\"@id\":\"https:\/\/www.missoeshumanitarias.org\/es\/la-fuerza-transformadora-de-la-migracion\/\"},\"wordCount\":977,\"publisher\":{\"@id\":\"https:\/\/www.missoeshumanitarias.org\/es\/#organization\"},\"image\":{\"@id\":\"https:\/\/www.missoeshumanitarias.org\/es\/la-fuerza-transformadora-de-la-migracion\/#primaryimage\"},\"thumbnailUrl\":\"https:\/\/www.missoeshumanitarias.org\/wp-content\/uploads\/2024\/12\/Dia_Internacional_Migrantes_FMHI_CCFI_4.jpg\",\"keywords\":[\"Misi\u00f3n Roraima\"],\"articleSection\":[\"Noticias\",\"Noticias de las Misiones\"],\"inLanguage\":\"es\"},{\"@type\":\"WebPage\",\"@id\":\"https:\/\/www.missoeshumanitarias.org\/es\/la-fuerza-transformadora-de-la-migracion\/\",\"url\":\"https:\/\/www.missoeshumanitarias.org\/es\/la-fuerza-transformadora-de-la-migracion\/\",\"name\":\"La fuerza transformadora de la migraci\u00f3n - Fraternidade Miss\u00f5es Humanit\u00e1rias Internacionais\",\"isPartOf\":{\"@id\":\"https:\/\/www.missoeshumanitarias.org\/es\/#website\"},\"primaryImageOfPage\":{\"@id\":\"https:\/\/www.missoeshumanitarias.org\/es\/la-fuerza-transformadora-de-la-migracion\/#primaryimage\"},\"image\":{\"@id\":\"https:\/\/www.missoeshumanitarias.org\/es\/la-fuerza-transformadora-de-la-migracion\/#primaryimage\"},\"thumbnailUrl\":\"https:\/\/www.missoeshumanitarias.org\/wp-content\/uploads\/2024\/12\/Dia_Internacional_Migrantes_FMHI_CCFI_4.jpg\",\"datePublished\":\"2024-12-18T08:32:15+00:00\",\"dateModified\":\"2025-08-19T11:52:54+00:00\",\"breadcrumb\":{\"@id\":\"https:\/\/www.missoeshumanitarias.org\/es\/la-fuerza-transformadora-de-la-migracion\/#breadcrumb\"},\"inLanguage\":\"es\",\"potentialAction\":[{\"@type\":\"ReadAction\",\"target\":[\"https:\/\/www.missoeshumanitarias.org\/es\/la-fuerza-transformadora-de-la-migracion\/\"]}]},{\"@type\":\"ImageObject\",\"inLanguage\":\"es\",\"@id\":\"https:\/\/www.missoeshumanitarias.org\/es\/la-fuerza-transformadora-de-la-migracion\/#primaryimage\",\"url\":\"https:\/\/www.missoeshumanitarias.org\/wp-content\/uploads\/2024\/12\/Dia_Internacional_Migrantes_FMHI_CCFI_4.jpg\",\"contentUrl\":\"https:\/\/www.missoeshumanitarias.org\/wp-content\/uploads\/2024\/12\/Dia_Internacional_Migrantes_FMHI_CCFI_4.jpg\",\"width\":1280,\"height\":853,\"caption\":\"Dia Internacional dos Migrantes\"},{\"@type\":\"BreadcrumbList\",\"@id\":\"https:\/\/www.missoeshumanitarias.org\/es\/la-fuerza-transformadora-de-la-migracion\/#breadcrumb\",\"itemListElement\":[{\"@type\":\"ListItem\",\"position\":1,\"name\":\"Home\",\"item\":\"https:\/\/www.missoeshumanitarias.org\/en\/\"},{\"@type\":\"ListItem\",\"position\":2,\"name\":\"La fuerza transformadora de la migraci\u00f3n\"}]},{\"@type\":\"WebSite\",\"@id\":\"https:\/\/www.missoeshumanitarias.org\/es\/#website\",\"url\":\"https:\/\/www.missoeshumanitarias.org\/es\/\",\"name\":\"Fraternidade Miss\u00f5es Humanit\u00e1rias Internacionais\",\"description\":\"Respostas Humanit\u00e1rias e Emerg\u00eancias\",\"publisher\":{\"@id\":\"https:\/\/www.missoeshumanitarias.org\/es\/#organization\"},\"potentialAction\":[{\"@type\":\"SearchAction\",\"target\":{\"@type\":\"EntryPoint\",\"urlTemplate\":\"https:\/\/www.missoeshumanitarias.org\/es\/?s={search_term_string}\"},\"query-input\":\"required name=search_term_string\"}],\"inLanguage\":\"es\"},{\"@type\":\"Organization\",\"@id\":\"https:\/\/www.missoeshumanitarias.org\/es\/#organization\",\"name\":\"Fraternidade - Miss\u00f5es Humanit\u00e1rias Internacionais\",\"url\":\"https:\/\/www.missoeshumanitarias.org\/es\/\",\"logo\":{\"@type\":\"ImageObject\",\"inLanguage\":\"es\",\"@id\":\"https:\/\/www.missoeshumanitarias.org\/es\/#\/schema\/logo\/image\/\",\"url\":\"https:\/\/www.missoeshumanitarias.org\/wp-content\/uploads\/2020\/05\/logo-FMHI-mg.png\",\"contentUrl\":\"https:\/\/www.missoeshumanitarias.org\/wp-content\/uploads\/2020\/05\/logo-FMHI-mg.png\",\"width\":520,\"height\":134,\"caption\":\"Fraternidade - Miss\u00f5es Humanit\u00e1rias Internacionais\"},\"image\":{\"@id\":\"https:\/\/www.missoeshumanitarias.org\/es\/#\/schema\/logo\/image\/\"}},{\"@type\":\"Person\",\"@id\":\"https:\/\/www.missoeshumanitarias.org\/es\/#\/schema\/person\/5e3c425ef0d602a9174d1321decb865a\",\"name\":\"Editor FFHI\",\"image\":{\"@type\":\"ImageObject\",\"inLanguage\":\"es\",\"@id\":\"https:\/\/www.missoeshumanitarias.org\/es\/#\/schema\/person\/image\/\",\"url\":\"https:\/\/secure.gravatar.com\/avatar\/44040a3705ad52646334e1c9202942f4c81e12828de9257a9b8f1e1ce0f471d3?s=96&d=mm&r=g\",\"contentUrl\":\"https:\/\/secure.gravatar.com\/avatar\/44040a3705ad52646334e1c9202942f4c81e12828de9257a9b8f1e1ce0f471d3?s=96&d=mm&r=g\",\"caption\":\"Editor FFHI\"}}]}<\/script>\n<!-- \/ Yoast SEO Premium plugin. -->","yoast_head_json":{"title":"La fuerza transformadora de la migraci\u00f3n - Fraternidade Miss\u00f5es Humanit\u00e1rias Internacionais","robots":{"index":"index","follow":"follow","max-snippet":"max-snippet:-1","max-image-preview":"max-image-preview:large","max-video-preview":"max-video-preview:-1"},"canonical":"https:\/\/www.missoeshumanitarias.org\/es\/la-fuerza-transformadora-de-la-migracion\/","og_locale":"es_ES","og_type":"article","og_title":"La fuerza transformadora de la migraci\u00f3n","og_description":"Actualmente existen 281 millones de migrantes internacionales en el mundo, de los cuales 117 millones fueron desplazados por razones&nbsp; forzadas como conflictos, violencia y desastres naturales, de acuerdo con el Informe Mundial sobre Migraci\u00f3n 2024, divulgado por la Organizaci\u00f3n Internacional para las Migraciones (OIM). &nbsp;A pesar de los desaf\u00edos significativos, el fen\u00f3meno migratorio contin\u00faa impulsando [&hellip;]","og_url":"https:\/\/www.missoeshumanitarias.org\/es\/la-fuerza-transformadora-de-la-migracion\/","og_site_name":"Fraternidade Miss\u00f5es Humanit\u00e1rias Internacionais","article_published_time":"2024-12-18T08:32:15+00:00","article_modified_time":"2025-08-19T11:52:54+00:00","og_image":[{"width":1280,"height":853,"url":"https:\/\/www.missoeshumanitarias.org\/wp-content\/uploads\/2024\/12\/Dia_Internacional_Migrantes_FMHI_CCFI_4.jpg","type":"image\/jpeg"}],"author":"Editor FFHI","twitter_card":"summary_large_image","twitter_misc":{"Escrito por":"Editor FFHI","Tiempo de lectura":"7 minutos"},"schema":{"@context":"https:\/\/schema.org","@graph":[{"@type":"Article","@id":"https:\/\/www.missoeshumanitarias.org\/es\/la-fuerza-transformadora-de-la-migracion\/#article","isPartOf":{"@id":"https:\/\/www.missoeshumanitarias.org\/es\/la-fuerza-transformadora-de-la-migracion\/"},"author":{"name":"Editor FFHI","@id":"https:\/\/www.missoeshumanitarias.org\/es\/#\/schema\/person\/5e3c425ef0d602a9174d1321decb865a"},"headline":"La fuerza transformadora de la migraci\u00f3n","datePublished":"2024-12-18T08:32:15+00:00","dateModified":"2025-08-19T11:52:54+00:00","mainEntityOfPage":{"@id":"https:\/\/www.missoeshumanitarias.org\/es\/la-fuerza-transformadora-de-la-migracion\/"},"wordCount":977,"publisher":{"@id":"https:\/\/www.missoeshumanitarias.org\/es\/#organization"},"image":{"@id":"https:\/\/www.missoeshumanitarias.org\/es\/la-fuerza-transformadora-de-la-migracion\/#primaryimage"},"thumbnailUrl":"https:\/\/www.missoeshumanitarias.org\/wp-content\/uploads\/2024\/12\/Dia_Internacional_Migrantes_FMHI_CCFI_4.jpg","keywords":["Misi\u00f3n Roraima"],"articleSection":["Noticias","Noticias de las Misiones"],"inLanguage":"es"},{"@type":"WebPage","@id":"https:\/\/www.missoeshumanitarias.org\/es\/la-fuerza-transformadora-de-la-migracion\/","url":"https:\/\/www.missoeshumanitarias.org\/es\/la-fuerza-transformadora-de-la-migracion\/","name":"La fuerza transformadora de la migraci\u00f3n - Fraternidade Miss\u00f5es Humanit\u00e1rias Internacionais","isPartOf":{"@id":"https:\/\/www.missoeshumanitarias.org\/es\/#website"},"primaryImageOfPage":{"@id":"https:\/\/www.missoeshumanitarias.org\/es\/la-fuerza-transformadora-de-la-migracion\/#primaryimage"},"image":{"@id":"https:\/\/www.missoeshumanitarias.org\/es\/la-fuerza-transformadora-de-la-migracion\/#primaryimage"},"thumbnailUrl":"https:\/\/www.missoeshumanitarias.org\/wp-content\/uploads\/2024\/12\/Dia_Internacional_Migrantes_FMHI_CCFI_4.jpg","datePublished":"2024-12-18T08:32:15+00:00","dateModified":"2025-08-19T11:52:54+00:00","breadcrumb":{"@id":"https:\/\/www.missoeshumanitarias.org\/es\/la-fuerza-transformadora-de-la-migracion\/#breadcrumb"},"inLanguage":"es","potentialAction":[{"@type":"ReadAction","target":["https:\/\/www.missoeshumanitarias.org\/es\/la-fuerza-transformadora-de-la-migracion\/"]}]},{"@type":"ImageObject","inLanguage":"es","@id":"https:\/\/www.missoeshumanitarias.org\/es\/la-fuerza-transformadora-de-la-migracion\/#primaryimage","url":"https:\/\/www.missoeshumanitarias.org\/wp-content\/uploads\/2024\/12\/Dia_Internacional_Migrantes_FMHI_CCFI_4.jpg","contentUrl":"https:\/\/www.missoeshumanitarias.org\/wp-content\/uploads\/2024\/12\/Dia_Internacional_Migrantes_FMHI_CCFI_4.jpg","width":1280,"height":853,"caption":"Dia Internacional dos Migrantes"},{"@type":"BreadcrumbList","@id":"https:\/\/www.missoeshumanitarias.org\/es\/la-fuerza-transformadora-de-la-migracion\/#breadcrumb","itemListElement":[{"@type":"ListItem","position":1,"name":"Home","item":"https:\/\/www.missoeshumanitarias.org\/en\/"},{"@type":"ListItem","position":2,"name":"La fuerza transformadora de la migraci\u00f3n"}]},{"@type":"WebSite","@id":"https:\/\/www.missoeshumanitarias.org\/es\/#website","url":"https:\/\/www.missoeshumanitarias.org\/es\/","name":"Fraternidade Miss\u00f5es Humanit\u00e1rias Internacionais","description":"Respostas Humanit\u00e1rias e Emerg\u00eancias","publisher":{"@id":"https:\/\/www.missoeshumanitarias.org\/es\/#organization"},"potentialAction":[{"@type":"SearchAction","target":{"@type":"EntryPoint","urlTemplate":"https:\/\/www.missoeshumanitarias.org\/es\/?s={search_term_string}"},"query-input":"required name=search_term_string"}],"inLanguage":"es"},{"@type":"Organization","@id":"https:\/\/www.missoeshumanitarias.org\/es\/#organization","name":"Fraternidade - Miss\u00f5es Humanit\u00e1rias Internacionais","url":"https:\/\/www.missoeshumanitarias.org\/es\/","logo":{"@type":"ImageObject","inLanguage":"es","@id":"https:\/\/www.missoeshumanitarias.org\/es\/#\/schema\/logo\/image\/","url":"https:\/\/www.missoeshumanitarias.org\/wp-content\/uploads\/2020\/05\/logo-FMHI-mg.png","contentUrl":"https:\/\/www.missoeshumanitarias.org\/wp-content\/uploads\/2020\/05\/logo-FMHI-mg.png","width":520,"height":134,"caption":"Fraternidade - Miss\u00f5es Humanit\u00e1rias Internacionais"},"image":{"@id":"https:\/\/www.missoeshumanitarias.org\/es\/#\/schema\/logo\/image\/"}},{"@type":"Person","@id":"https:\/\/www.missoeshumanitarias.org\/es\/#\/schema\/person\/5e3c425ef0d602a9174d1321decb865a","name":"Editor FFHI","image":{"@type":"ImageObject","inLanguage":"es","@id":"https:\/\/www.missoeshumanitarias.org\/es\/#\/schema\/person\/image\/","url":"https:\/\/secure.gravatar.com\/avatar\/44040a3705ad52646334e1c9202942f4c81e12828de9257a9b8f1e1ce0f471d3?s=96&d=mm&r=g","contentUrl":"https:\/\/secure.gravatar.com\/avatar\/44040a3705ad52646334e1c9202942f4c81e12828de9257a9b8f1e1ce0f471d3?s=96&d=mm&r=g","caption":"Editor FFHI"}}]}},"_links":{"self":[{"href":"https:\/\/www.missoeshumanitarias.org\/es\/wp-json\/wp\/v2\/posts\/155862","targetHints":{"allow":["GET"]}}],"collection":[{"href":"https:\/\/www.missoeshumanitarias.org\/es\/wp-json\/wp\/v2\/posts"}],"about":[{"href":"https:\/\/www.missoeshumanitarias.org\/es\/wp-json\/wp\/v2\/types\/post"}],"author":[{"embeddable":true,"href":"https:\/\/www.missoeshumanitarias.org\/es\/wp-json\/wp\/v2\/users\/9"}],"replies":[{"embeddable":true,"href":"https:\/\/www.missoeshumanitarias.org\/es\/wp-json\/wp\/v2\/comments?post=155862"}],"version-history":[{"count":3,"href":"https:\/\/www.missoeshumanitarias.org\/es\/wp-json\/wp\/v2\/posts\/155862\/revisions"}],"predecessor-version":[{"id":155866,"href":"https:\/\/www.missoeshumanitarias.org\/es\/wp-json\/wp\/v2\/posts\/155862\/revisions\/155866"}],"wp:featuredmedia":[{"embeddable":true,"href":"https:\/\/www.missoeshumanitarias.org\/es\/wp-json\/wp\/v2\/media\/155229"}],"wp:attachment":[{"href":"https:\/\/www.missoeshumanitarias.org\/es\/wp-json\/wp\/v2\/media?parent=155862"}],"wp:term":[{"taxonomy":"category","embeddable":true,"href":"https:\/\/www.missoeshumanitarias.org\/es\/wp-json\/wp\/v2\/categories?post=155862"},{"taxonomy":"post_tag","embeddable":true,"href":"https:\/\/www.missoeshumanitarias.org\/es\/wp-json\/wp\/v2\/tags?post=155862"}],"curies":[{"name":"wp","href":"https:\/\/api.w.org\/{rel}","templated":true}]}}